{"id":30195,"date":"2014-11-11T00:14:48","date_gmt":"2014-11-11T03:14:48","guid":{"rendered":"http:\/\/blitzconquista.com.br\/new\/?p=30195"},"modified":"2014-11-11T00:14:48","modified_gmt":"2014-11-11T03:14:48","slug":"chuva-inunda-ruas-em-conquista","status":"publish","type":"post","link":"http:\/\/blitzconquista.com.br\/?p=30195","title":{"rendered":"Chuva inunda ruas em Conquista"},"content":{"rendered":"<p>Por volta das 14h desta segunda-feira(10), come\u00e7ou a chover na regi\u00e3o de Vit\u00f3ria da Conquista. Al\u00e9m de alguns bairros perif\u00e9ricos, o centro da cidade \u00e9 um dos pontos que mais sofrem com as enxurradas, principalmente as ruas S\u00e3o Geraldo, Lions Clube, proximidades da pra\u00e7a V\u00edtor Brito, e outras localidades da regi\u00e3o. Na rua Lions Club, alguns carros chegaram a ser arrastados pela for\u00e7a das \u00e1guas.<\/p>\n<p><a href=\"http:\/\/blitzconquista.com.br\/new\/?attachment_id=30196\" rel=\"attachment wp-att-30196\"><img decoding=\"async\" loading=\"lazy\" class=\"size-full wp-image-30196 aligncenter\" src=\"http:\/\/blitzconquista.com.br\/new\/wp-content\/uploads\/2014\/11\/foto-chuva.jpg\" alt=\"foto chuva\" width=\"590\" height=\"420\" \/><\/a><\/p>\n<p>Na avenida Expedicion\u00e1rios, no bairro Recreio, um container foi arrastado pela correnteza at\u00e9 a pra\u00e7a do Gil, onde um \u00f4nibus foi atingido na parte traseira. Felizmente ningu\u00e9m ficou ferido.<\/p>\n<p><a href=\"http:\/\/blitzconquista.com.br\/new\/?attachment_id=30199\" rel=\"attachment wp-att-30199\"><img decoding=\"async\" loading=\"lazy\" class=\"size-full wp-image-30199 aligncenter\" src=\"http:\/\/blitzconquista.com.br\/new\/wp-content\/uploads\/2014\/11\/container-onibus.jpg\" alt=\"container onibus\" width=\"590\" height=\"420\" \/><\/a><br \/>\n<strong>Mais chuva esta semana<\/strong><br \/>\nDe acordo com a ag\u00eancia Climatempo, grandes \u00e1reas de instabilidade se formaram sobre o norte de Minas Gerais por causa de uma frente fria que avan\u00e7ou at\u00e9 o sul e sudoeste da Bahia. Estas instabilidades provocaram chuvas na regi\u00e3o Sudoeste. Ainda de acordo com a meteorologia, as \u00e1reas de instabilidade v\u00e3o continuar crescendo sobre o norte Minas Gerais e Sudoeste da Bahia. Uma segunda frente fria deve chegar ao norte mineiro no pr\u00f3ximo fim de semana aumentando as condi\u00e7\u00f5es para chuva.<\/p>\n","protected":false},"excerpt":{"rendered":"<p>Por volta das 14h desta segunda-feira(10), come\u00e7ou a chover na regi\u00e3o de Vit\u00f3ria da Conquista. Al\u00e9m de alguns bairros perif\u00e9ricos, o centro da cidade \u00e9 um dos pontos que mais sofrem com as enxurradas, principalmente as ruas S\u00e3o Geraldo, Lions Clube, proximidades da pra\u00e7a V\u00edtor Brito, e outras localidades da regi\u00e3o. Na rua Lions Club, [&hellip;]<\/p>\n","protected":false},"author":1,"featured_media":30196,"comment_status":"open","ping_status":"closed","sticky":false,"template":"","format":"standard","meta":[],"categories":[4],"tags":[],"_links":{"self":[{"href":"http:\/\/blitzconquista.com.br\/index.php?rest_route=\/wp\/v2\/posts\/30195"}],"collection":[{"href":"http:\/\/blitzconquista.com.br\/index.php?rest_route=\/wp\/v2\/posts"}],"about":[{"href":"http:\/\/blitzconquista.com.br\/index.php?rest_route=\/wp\/v2\/types\/post"}],"author":[{"embeddable":true,"href":"http:\/\/blitzconquista.com.br\/index.php?rest_route=\/wp\/v2\/users\/1"}],"replies":[{"embeddable":true,"href":"http:\/\/blitzconquista.com.br\/index.php?rest_route=%2Fwp%2Fv2%2Fcomments&post=30195"}],"version-history":[{"count":0,"href":"http:\/\/blitzconquista.com.br\/index.php?rest_route=\/wp\/v2\/posts\/30195\/revisions"}],"wp:featuredmedia":[{"embeddable":true,"href":"http:\/\/blitzconquista.com.br\/index.php?rest_route=\/"}],"wp:attachment":[{"href":"http:\/\/blitzconquista.com.br\/index.php?rest_route=%2Fwp%2Fv2%2Fmedia&parent=30195"}],"wp:term":[{"taxonomy":"category","embeddable":true,"href":"http:\/\/blitzconquista.com.br\/index.php?rest_route=%2Fwp%2Fv2%2Fcategories&post=30195"},{"taxonomy":"post_tag","embeddable":true,"href":"http:\/\/blitzconquista.com.br\/index.php?rest_route=%2Fwp%2Fv2%2Ftags&post=30195"}],"curies":[{"name":"wp","href":"https:\/\/api.w.org\/{rel}","templated":true}]}}