{"id":32411,"date":"2015-01-13T10:28:19","date_gmt":"2015-01-13T13:28:19","guid":{"rendered":"http:\/\/blitzconquista.com.br\/?p=32411"},"modified":"2015-01-13T10:28:19","modified_gmt":"2015-01-13T13:28:19","slug":"cadeirante-com-problemas-o-carrao-estava-na-rampa","status":"publish","type":"post","link":"http:\/\/blitzconquista.com.br\/?p=32411","title":{"rendered":"Cadeirante com problemas: \u201cO carr\u00e3o estava na rampa.\u201d"},"content":{"rendered":"<p>O individualismo impera nas ruas, cada qual faz o que \u00e9 bom para si mesmo e o pr\u00f3ximo\u2026 bom o pr\u00f3ximo que d\u00ea seu jeito. Atitudes ego\u00edstas s\u00e3o praticadas a todo momento, dificultando as necessidades da coletividade e principalmente das pessoas portadoras de necessidades especiais. Os deficientes encontram grandes dificuldades nos deslocamentos, seja nas estruturas que n\u00e3o beneficiam como as cal\u00e7adas irregulares, seja na pr\u00f3pria incompreens\u00e3o dos semelhantes, \u00a0insens\u00edveis \u00e0 aquela situa\u00e7\u00e3o de dificuldades.<\/p>\n<p>Na tarde da \u00faltima sexta (09), familiares de um cadeirante idoso passaram por um epis\u00f3dio constrangedor que lhes causou indigna\u00e7\u00e3o em pleno Centro de Vit\u00f3ria da Conquista. Ao conduzir o idoso a uma cl\u00ednica na Pra\u00e7a V\u00edtor Brito, encontraram a rampa de acesso das cadeiras de rodas ocupada por um ve\u00edculo: \u201cChegando la n\u00e3o pude adentrar com ele na\u00a0cadeira, que \u00e9 necess\u00e1ria pelo motivo de sua doen\u00e7a\u201d relata o familiar \u00e0 reportagem do Blog. \u201cO\u00a0carr\u00e3o estava na rampa\u201d completa.\u00a0Com isso, o jovem precisou\u00a0improvisar: \u201cTivemos que vir com dificuldade trazendo ele [no colo] ate a frente da clinica pra enfim, coloc\u00e1-lo na cadeira.\u201d<\/p>\n<p>Situa\u00e7\u00f5es como esta fazem parte do cotidiano da cidade, com pessoas ocupando indevidamente vagas exclusivas para idosos e deficientes, um profundo desrespeito \u00e0 sociedade. Cada elemento do tr\u00e2nsito enquanto condutor (carro, moto), ciclista ou pedestre precisa estar atento aos seus direitos e deveres. No exerc\u00edcio de uma conviv\u00eancia cidad\u00e3, podemos transformar a cidade em um local melhor pra vivermos.<\/p>\n<p><img decoding=\"async\" loading=\"lazy\" class=\"alignnone size-full wp-image-32183\" src=\"http:\/\/blitzconquista.com.br\/wp-content\/uploads\/2015\/01\/transitar.jpg\" alt=\"transitar\" width=\"200\" height=\"70\" \/><\/p>\n","protected":false},"excerpt":{"rendered":"<p>O individualismo impera nas ruas, cada qual faz o que \u00e9 bom para si mesmo e o pr\u00f3ximo\u2026 bom o pr\u00f3ximo que d\u00ea seu jeito. Atitudes ego\u00edstas s\u00e3o praticadas a todo momento, dificultando as necessidades da coletividade e principalmente das pessoas portadoras de necessidades especiais. Os deficientes encontram grandes dificuldades nos deslocamentos, seja nas estruturas [&hellip;]<\/p>\n","protected":false},"author":1,"featured_media":32412,"comment_status":"open","ping_status":"closed","sticky":false,"template":"","format":"standard","meta":[],"categories":[7],"tags":[],"_links":{"self":[{"href":"http:\/\/blitzconquista.com.br\/index.php?rest_route=\/wp\/v2\/posts\/32411"}],"collection":[{"href":"http:\/\/blitzconquista.com.br\/index.php?rest_route=\/wp\/v2\/posts"}],"about":[{"href":"http:\/\/blitzconquista.com.br\/index.php?rest_route=\/wp\/v2\/types\/post"}],"author":[{"embeddable":true,"href":"http:\/\/blitzconquista.com.br\/index.php?rest_route=\/wp\/v2\/users\/1"}],"replies":[{"embeddable":true,"href":"http:\/\/blitzconquista.com.br\/index.php?rest_route=%2Fwp%2Fv2%2Fcomments&post=32411"}],"version-history":[{"count":0,"href":"http:\/\/blitzconquista.com.br\/index.php?rest_route=\/wp\/v2\/posts\/32411\/revisions"}],"wp:featuredmedia":[{"embeddable":true,"href":"http:\/\/blitzconquista.com.br\/index.php?rest_route=\/wp\/v2\/media\/32412"}],"wp:attachment":[{"href":"http:\/\/blitzconquista.com.br\/index.php?rest_route=%2Fwp%2Fv2%2Fmedia&parent=32411"}],"wp:term":[{"taxonomy":"category","embeddable":true,"href":"http:\/\/blitzconquista.com.br\/index.php?rest_route=%2Fwp%2Fv2%2Fcategories&post=32411"},{"taxonomy":"post_tag","embeddable":true,"href":"http:\/\/blitzconquista.com.br\/index.php?rest_route=%2Fwp%2Fv2%2Ftags&post=32411"}],"curies":[{"name":"wp","href":"https:\/\/api.w.org\/{rel}","templated":true}]}}