{"id":32434,"date":"2015-01-14T10:27:03","date_gmt":"2015-01-14T13:27:03","guid":{"rendered":"http:\/\/blitzconquista.com.br\/?p=32434"},"modified":"2015-01-14T10:27:03","modified_gmt":"2015-01-14T13:27:03","slug":"e-sempre-assim-desabafa-leitora-sobre-estacionamentos-em-calcada-no-centro-de-conquista","status":"publish","type":"post","link":"http:\/\/blitzconquista.com.br\/?p=32434","title":{"rendered":"\u201c\u00c9 sempre assim\u201d desabafa leitora, sobre estacionamentos em cal\u00e7ada no Centro de Conquista"},"content":{"rendered":"<p>No que pese a escassez das vagas de estacionamento, n\u00e3o h\u00e1 justificativas em se ocupar as cal\u00e7adas da cidade. Falta de educa\u00e7\u00e3o para o tr\u00e2nsito que resulta em perigo para os pedestres, e mau exemplo para os mais jovens. O registro da leitora do Blog Transitar vem acompanhado de inconformismo: \u201c\u00c9 sempre assim\u201d na estreita Rua Fernando Matos, no Centro.<\/p>\n<p>Segundo\u00a0o relato\u00a0\u201cos pedestres s\u00e3o obrigados a passar pelo meio da rua, correndo risco de serem atropelados\u201d demonstrando preocupa\u00e7\u00e3o\u00a0com a seguran\u00e7a dos mais fr\u00e1geis no tr\u00e2nsito. \u201cE tem um estacionamento a menos de 30 metros dai [do local das fotos]\u201d acrescenta.<\/p>\n<p><a href=\"http:\/\/www.blogtransitar.com.br\/v1\/wp-content\/uploads\/2015\/01\/Fernando-Matos-II.jpg\" data-slb-group=\"5489\" data-slb-active=\"1\" data-slb-internal=\"0\"><img decoding=\"async\" loading=\"lazy\" class=\" wp-image-5492\" src=\"http:\/\/www.blogtransitar.com.br\/v1\/wp-content\/uploads\/2015\/01\/Fernando-Matos-II.jpg\" alt=\"Blog Transitar\" width=\"500\" height=\"281\" \/><\/a><\/p>\n<p>Esta situa\u00e7\u00e3o n\u00e3o \u00e9 exclusividade da Rua Fernando Matos. Por toda cidade percebe-se exemplos em que a cultura de seguran\u00e7a no tr\u00e2nsito fica aqu\u00e9m de um povo civilizado, de pessoas preocupadas com as necessidades dos semelhantes. Atitudes profundamente ego\u00edstas no tr\u00e2nsito denotam todo o subdesenvolvimento cultural de uma cidade.<\/p>\n<p>\u00c9 preciso investirmos na educa\u00e7\u00e3o para o tr\u00e2nsito seguro, e tornarmos cenas como esta cada vez mais raras.<\/p>\n<p><img decoding=\"async\" loading=\"lazy\" class=\"alignnone size-full wp-image-32183\" src=\"http:\/\/blitzconquista.com.br\/wp-content\/uploads\/2015\/01\/transitar.jpg\" alt=\"transitar\" width=\"200\" height=\"70\" \/><\/p>\n","protected":false},"excerpt":{"rendered":"<p>No que pese a escassez das vagas de estacionamento, n\u00e3o h\u00e1 justificativas em se ocupar as cal\u00e7adas da cidade. Falta de educa\u00e7\u00e3o para o tr\u00e2nsito que resulta em perigo para os pedestres, e mau exemplo para os mais jovens. O registro da leitora do Blog Transitar vem acompanhado de inconformismo: \u201c\u00c9 sempre assim\u201d na estreita [&hellip;]<\/p>\n","protected":false},"author":1,"featured_media":32435,"comment_status":"open","ping_status":"closed","sticky":false,"template":"","format":"standard","meta":[],"categories":[7],"tags":[],"_links":{"self":[{"href":"http:\/\/blitzconquista.com.br\/index.php?rest_route=\/wp\/v2\/posts\/32434"}],"collection":[{"href":"http:\/\/blitzconquista.com.br\/index.php?rest_route=\/wp\/v2\/posts"}],"about":[{"href":"http:\/\/blitzconquista.com.br\/index.php?rest_route=\/wp\/v2\/types\/post"}],"author":[{"embeddable":true,"href":"http:\/\/blitzconquista.com.br\/index.php?rest_route=\/wp\/v2\/users\/1"}],"replies":[{"embeddable":true,"href":"http:\/\/blitzconquista.com.br\/index.php?rest_route=%2Fwp%2Fv2%2Fcomments&post=32434"}],"version-history":[{"count":0,"href":"http:\/\/blitzconquista.com.br\/index.php?rest_route=\/wp\/v2\/posts\/32434\/revisions"}],"wp:featuredmedia":[{"embeddable":true,"href":"http:\/\/blitzconquista.com.br\/index.php?rest_route=\/wp\/v2\/media\/32435"}],"wp:attachment":[{"href":"http:\/\/blitzconquista.com.br\/index.php?rest_route=%2Fwp%2Fv2%2Fmedia&parent=32434"}],"wp:term":[{"taxonomy":"category","embeddable":true,"href":"http:\/\/blitzconquista.com.br\/index.php?rest_route=%2Fwp%2Fv2%2Fcategories&post=32434"},{"taxonomy":"post_tag","embeddable":true,"href":"http:\/\/blitzconquista.com.br\/index.php?rest_route=%2Fwp%2Fv2%2Ftags&post=32434"}],"curies":[{"name":"wp","href":"https:\/\/api.w.org\/{rel}","templated":true}]}}