{"id":33688,"date":"2015-02-26T23:35:16","date_gmt":"2015-02-27T02:35:16","guid":{"rendered":"http:\/\/blitzconquista.com.br\/?p=33688"},"modified":"2015-02-26T23:29:00","modified_gmt":"2015-02-27T02:29:00","slug":"pfr-apreende-9-kg-de-cocaina-na-br-116","status":"publish","type":"post","link":"http:\/\/blitzconquista.com.br\/?p=33688","title":{"rendered":"PFR apreende 9 kg de coca\u00edna na BR 116"},"content":{"rendered":"<p>O Grupo de Patrulhamento T\u00e1tico \u2013 GPT , da delegacia da Pol\u00edcia Rodovi\u00e1ria Federal de Vit\u00f3ria da Conquista, prendeu na manh\u00e3 desta quinta-feira, 26, um suspeito de tr\u00e1fico que transportava drogas em seu ve\u00edculo.<\/p>\n<p><img decoding=\"async\" loading=\"lazy\" class=\" size-full wp-image-33691 aligncenter\" src=\"http:\/\/blitzconquista.com.br\/wp-content\/uploads\/2015\/02\/IMG-20150226-WA0059.jpg\" alt=\"IMG-20150226-WA0059\" width=\"680\" height=\"419\" srcset=\"http:\/\/blitzconquista.com.br\/wp-content\/uploads\/2015\/02\/IMG-20150226-WA0059.jpg 680w, http:\/\/blitzconquista.com.br\/wp-content\/uploads\/2015\/02\/IMG-20150226-WA0059-300x185.jpg 300w\" sizes=\"(max-width: 680px) 100vw, 680px\" \/><\/p>\n<p>Os policiais realizavam patrulhamento no Km 8, trecho de Minas Gerais, quando abordaram um Fiat P\u00e1lio e encontraram 9,2 kg de coca\u00edna pura.<\/p>\n<p><img decoding=\"async\" loading=\"lazy\" class=\" size-full wp-image-33689 aligncenter\" src=\"http:\/\/blitzconquista.com.br\/wp-content\/uploads\/2015\/02\/IMG-20150226-WA0060.jpg\" alt=\"IMG-20150226-WA0060\" width=\"680\" height=\"382\" srcset=\"http:\/\/blitzconquista.com.br\/wp-content\/uploads\/2015\/02\/IMG-20150226-WA0060.jpg 680w, http:\/\/blitzconquista.com.br\/wp-content\/uploads\/2015\/02\/IMG-20150226-WA0060-300x169.jpg 300w\" sizes=\"(max-width: 680px) 100vw, 680px\" \/><\/p>\n<p>O ve\u00edculo era conduzido por Valmira da Silva Dias, o qual foi preso em flagrante e apresentado na Delegacia de Pol\u00edcia da cidade de Pedra Azul.<\/p>\n","protected":false},"excerpt":{"rendered":"<p>O Grupo de Patrulhamento T\u00e1tico \u2013 GPT , da delegacia da Pol\u00edcia Rodovi\u00e1ria Federal de Vit\u00f3ria da Conquista, prendeu na manh\u00e3 desta quinta-feira, 26, um suspeito de tr\u00e1fico que transportava drogas em seu ve\u00edculo. Os policiais realizavam patrulhamento no Km 8, trecho de Minas Gerais, quando abordaram um Fiat P\u00e1lio e encontraram 9,2 kg de [&hellip;]<\/p>\n","protected":false},"author":1,"featured_media":33690,"comment_status":"open","ping_status":"closed","sticky":false,"template":"","format":"standard","meta":[],"categories":[3],"tags":[],"_links":{"self":[{"href":"http:\/\/blitzconquista.com.br\/index.php?rest_route=\/wp\/v2\/posts\/33688"}],"collection":[{"href":"http:\/\/blitzconquista.com.br\/index.php?rest_route=\/wp\/v2\/posts"}],"about":[{"href":"http:\/\/blitzconquista.com.br\/index.php?rest_route=\/wp\/v2\/types\/post"}],"author":[{"embeddable":true,"href":"http:\/\/blitzconquista.com.br\/index.php?rest_route=\/wp\/v2\/users\/1"}],"replies":[{"embeddable":true,"href":"http:\/\/blitzconquista.com.br\/index.php?rest_route=%2Fwp%2Fv2%2Fcomments&post=33688"}],"version-history":[{"count":0,"href":"http:\/\/blitzconquista.com.br\/index.php?rest_route=\/wp\/v2\/posts\/33688\/revisions"}],"wp:featuredmedia":[{"embeddable":true,"href":"http:\/\/blitzconquista.com.br\/index.php?rest_route=\/wp\/v2\/media\/33690"}],"wp:attachment":[{"href":"http:\/\/blitzconquista.com.br\/index.php?rest_route=%2Fwp%2Fv2%2Fmedia&parent=33688"}],"wp:term":[{"taxonomy":"category","embeddable":true,"href":"http:\/\/blitzconquista.com.br\/index.php?rest_route=%2Fwp%2Fv2%2Fcategories&post=33688"},{"taxonomy":"post_tag","embeddable":true,"href":"http:\/\/blitzconquista.com.br\/index.php?rest_route=%2Fwp%2Fv2%2Ftags&post=33688"}],"curies":[{"name":"wp","href":"https:\/\/api.w.org\/{rel}","templated":true}]}}