{"id":33722,"date":"2015-02-27T21:32:35","date_gmt":"2015-02-28T00:32:35","guid":{"rendered":"http:\/\/blitzconquista.com.br\/?p=33722"},"modified":"2015-02-27T21:32:35","modified_gmt":"2015-02-28T00:32:35","slug":"9-batalhao-inaugura-novas-instalacoes-e-recebe-veiculos","status":"publish","type":"post","link":"http:\/\/blitzconquista.com.br\/?p=33722","title":{"rendered":"9\u00b0 Batalh\u00e3o inaugura novas instala\u00e7\u00f5es e recebe ve\u00edculos"},"content":{"rendered":"<p>Na manh\u00e3 desta sexta-feira (27) foi realizada cerim\u00f4nia de reinaugura\u00e7\u00e3o do audit\u00f3rio do 9\u00ba Batalh\u00e3o, inaugura\u00e7\u00e3o do Espa\u00e7o de Conviv\u00eancia Coronel Alfredo Braga de Castro, entrega de um \u00f4nibus, pela Pol\u00edcia Militar da Bahia, e de um ve\u00edculo cedido pela Receita Federal.<\/p>\n<p><img decoding=\"async\" loading=\"lazy\" class=\" size-full wp-image-33725 aligncenter\" src=\"http:\/\/blitzconquista.com.br\/wp-content\/uploads\/2015\/02\/FOTO-SD-NIVAN-244.jpg\" alt=\"FOTO - SD NIVAN (244)\" width=\"640\" height=\"425\" srcset=\"http:\/\/blitzconquista.com.br\/wp-content\/uploads\/2015\/02\/FOTO-SD-NIVAN-244.jpg 640w, http:\/\/blitzconquista.com.br\/wp-content\/uploads\/2015\/02\/FOTO-SD-NIVAN-244-300x199.jpg 300w\" sizes=\"(max-width: 640px) 100vw, 640px\" \/><br \/>\nA solenidade foi presidida pelo Coronel Ant\u00f4nio Jos\u00e9 Barbosa Reis, Subcomandante Geral.<\/p>\n<p><img decoding=\"async\" loading=\"lazy\" class=\" size-full wp-image-33724 aligncenter\" src=\"http:\/\/blitzconquista.com.br\/wp-content\/uploads\/2015\/02\/FOTO-SD-NIVAN-192.jpg\" alt=\"FOTO - SD NIVAN (192)\" width=\"680\" height=\"291\" srcset=\"http:\/\/blitzconquista.com.br\/wp-content\/uploads\/2015\/02\/FOTO-SD-NIVAN-192.jpg 680w, http:\/\/blitzconquista.com.br\/wp-content\/uploads\/2015\/02\/FOTO-SD-NIVAN-192-300x128.jpg 300w\" sizes=\"(max-width: 680px) 100vw, 680px\" \/><\/p>\n<p>A cerim\u00f4nia contou com a presen\u00e7a de diversas outras autoridades civis e militares, como o Coronel Alfredo Braga de Castro, atualmente servindo no DETRAN, do Coronel In\u00e1cio Paz de Lira Junior, Comandante do Comando de Policiamento Regional Oeste, do Tenente Coronel Wilson Teixeira, Diretor do CPM de Vit\u00f3ria da Conquista, do Deputado Federal Waldenor Pereira, entre outras autoridades civis e militares.<\/p>\n<p><em>*Informa\u00e7\u00f5es e fotos: Ascom 9\u00ba Batalh\u00e3o<\/em><\/p>\n","protected":false},"excerpt":{"rendered":"<p>Na manh\u00e3 desta sexta-feira (27) foi realizada cerim\u00f4nia de reinaugura\u00e7\u00e3o do audit\u00f3rio do 9\u00ba Batalh\u00e3o, inaugura\u00e7\u00e3o do Espa\u00e7o de Conviv\u00eancia Coronel Alfredo Braga de Castro, entrega de um \u00f4nibus, pela Pol\u00edcia Militar da Bahia, e de um ve\u00edculo cedido pela Receita Federal. A solenidade foi presidida pelo Coronel Ant\u00f4nio Jos\u00e9 Barbosa Reis, Subcomandante Geral. A [&hellip;]<\/p>\n","protected":false},"author":1,"featured_media":33727,"comment_status":"open","ping_status":"closed","sticky":false,"template":"","format":"standard","meta":[],"categories":[3],"tags":[],"_links":{"self":[{"href":"http:\/\/blitzconquista.com.br\/index.php?rest_route=\/wp\/v2\/posts\/33722"}],"collection":[{"href":"http:\/\/blitzconquista.com.br\/index.php?rest_route=\/wp\/v2\/posts"}],"about":[{"href":"http:\/\/blitzconquista.com.br\/index.php?rest_route=\/wp\/v2\/types\/post"}],"author":[{"embeddable":true,"href":"http:\/\/blitzconquista.com.br\/index.php?rest_route=\/wp\/v2\/users\/1"}],"replies":[{"embeddable":true,"href":"http:\/\/blitzconquista.com.br\/index.php?rest_route=%2Fwp%2Fv2%2Fcomments&post=33722"}],"version-history":[{"count":0,"href":"http:\/\/blitzconquista.com.br\/index.php?rest_route=\/wp\/v2\/posts\/33722\/revisions"}],"wp:featuredmedia":[{"embeddable":true,"href":"http:\/\/blitzconquista.com.br\/index.php?rest_route=\/wp\/v2\/media\/33727"}],"wp:attachment":[{"href":"http:\/\/blitzconquista.com.br\/index.php?rest_route=%2Fwp%2Fv2%2Fmedia&parent=33722"}],"wp:term":[{"taxonomy":"category","embeddable":true,"href":"http:\/\/blitzconquista.com.br\/index.php?rest_route=%2Fwp%2Fv2%2Fcategories&post=33722"},{"taxonomy":"post_tag","embeddable":true,"href":"http:\/\/blitzconquista.com.br\/index.php?rest_route=%2Fwp%2Fv2%2Ftags&post=33722"}],"curies":[{"name":"wp","href":"https:\/\/api.w.org\/{rel}","templated":true}]}}