{"id":33735,"date":"2015-02-28T11:04:57","date_gmt":"2015-02-28T14:04:57","guid":{"rendered":"http:\/\/blitzconquista.com.br\/?p=33735"},"modified":"2015-02-28T11:04:57","modified_gmt":"2015-02-28T14:04:57","slug":"coronel-lira-e-nomeado-comandante-do-cpr-sudoeste","status":"publish","type":"post","link":"http:\/\/blitzconquista.com.br\/?p=33735","title":{"rendered":"Coronel Lira \u00e9 nomeado comandante do CPR Sudoeste"},"content":{"rendered":"<p>O Governo do Estado publicou no Di\u00e1rio Oficial deste s\u00e1bado, 28, a nomea\u00e7\u00e3o do Coronel In\u00e1cio Paz de Lira J\u00fanior como comandante do Comando de Policiamento da Regi\u00e3o Sudoeste, da Pol\u00edcia Militar &#8211; CPR.<\/p>\n<p>De acordo com fontes consultadas pelo Blitz Conquista, ele sempre foi um dos mais cotados a assumir a fun\u00e7\u00e3o. Inclusive, \u00e9 querido pela tropa.<\/p>\n<p>Lira \u00e9 bem conhecido dos Conquistenses. Ele foi comandante do 9\u00aa Batalh\u00e3o, antes da cria\u00e7\u00e3o das companhias independentes, e tamb\u00e9m passou pelo Col\u00e9gio Militar.<\/p>\n<figure id=\"attachment_33736\" aria-describedby=\"caption-attachment-33736\" style=\"width: 267px\" class=\"wp-caption alignright\"><img decoding=\"async\" loading=\"lazy\" class=\"wp-image-33736 \" src=\"http:\/\/blitzconquista.com.br\/wp-content\/uploads\/2015\/02\/jorge-ubirajara.jpg\" alt=\"jorge ubirajara\" width=\"267\" height=\"179\" \/><figcaption id=\"caption-attachment-33736\" class=\"wp-caption-text\">Tenente Coronel Jorge Ubirajara Pedreira<\/figcaption><\/figure>\n<p>Para o cargo de Subcomandante do CPR Sudoeste, foi nomeado o O Governo do Estado publicou no Di\u00e1rio Oficial deste s\u00e1bado, 28, a nomea\u00e7\u00e3o do Coronel In\u00e1cio Paz de Lira J\u00fanior como comandante do Comando de Policiamento da Regi\u00e3o Sudoeste, da Pol\u00edcia Militar &#8211; CPR.<br \/>\nDe acordo com fontes consultadas pelo Blitz Conquista, ele sempre foi um dos mais cotados a assumir a fun\u00e7\u00e3o. Inclusive, \u00e9 querido pela tropa.<br \/>\nLira \u00e9 bem conhecido dos Conquistenses. Ele foi comandante do 9\u00aa Batalh\u00e3o, antes da cria\u00e7\u00e3o das companhias independentes, e tamb\u00e9m passou pelo Col\u00e9gio Militar.<br \/>\nPara o cargo de Subcomandante do CPR Sudoeste, foi nomeado o Tenente Coronel Jorge Ubirajara Pedreira, tamb\u00e9m, conhecido pelos militares conquistenses.<br \/>\nO CPR \u2013 Sudoeste ainda est\u00e1 em fase de implanta\u00e7\u00e3o. A expectativa \u00e9 que at\u00e9 o final de abril o comando esteja em pleno funcionamento. A partir de ent\u00e3o, Vit\u00f3ria da Conquista n\u00e3o depender\u00e1 mais das decis\u00f5es do comando de Itabuna.<br \/>\n, tamb\u00e9m, conhecido pelos militares conquistenses.<\/p>\n<p>O CPR \u2013 Sudoeste ainda est\u00e1 em fase de implanta\u00e7\u00e3o. A expectativa \u00e9 que at\u00e9 o final de abril o comando esteja em pleno funcionamento. A partir de ent\u00e3o, Vit\u00f3ria da Conquista n\u00e3o depender\u00e1 mais das decis\u00f5es do comando de Itabuna.<\/p>\n","protected":false},"excerpt":{"rendered":"<p>O Governo do Estado publicou no Di\u00e1rio Oficial deste s\u00e1bado, 28, a nomea\u00e7\u00e3o do Coronel In\u00e1cio Paz de Lira J\u00fanior como comandante do Comando de Policiamento da Regi\u00e3o Sudoeste, da Pol\u00edcia Militar &#8211; CPR. De acordo com fontes consultadas pelo Blitz Conquista, ele sempre foi um dos mais cotados a assumir a fun\u00e7\u00e3o. Inclusive, \u00e9 [&hellip;]<\/p>\n","protected":false},"author":1,"featured_media":33737,"comment_status":"open","ping_status":"closed","sticky":false,"template":"","format":"standard","meta":[],"categories":[3],"tags":[],"_links":{"self":[{"href":"http:\/\/blitzconquista.com.br\/index.php?rest_route=\/wp\/v2\/posts\/33735"}],"collection":[{"href":"http:\/\/blitzconquista.com.br\/index.php?rest_route=\/wp\/v2\/posts"}],"about":[{"href":"http:\/\/blitzconquista.com.br\/index.php?rest_route=\/wp\/v2\/types\/post"}],"author":[{"embeddable":true,"href":"http:\/\/blitzconquista.com.br\/index.php?rest_route=\/wp\/v2\/users\/1"}],"replies":[{"embeddable":true,"href":"http:\/\/blitzconquista.com.br\/index.php?rest_route=%2Fwp%2Fv2%2Fcomments&post=33735"}],"version-history":[{"count":0,"href":"http:\/\/blitzconquista.com.br\/index.php?rest_route=\/wp\/v2\/posts\/33735\/revisions"}],"wp:featuredmedia":[{"embeddable":true,"href":"http:\/\/blitzconquista.com.br\/index.php?rest_route=\/wp\/v2\/media\/33737"}],"wp:attachment":[{"href":"http:\/\/blitzconquista.com.br\/index.php?rest_route=%2Fwp%2Fv2%2Fmedia&parent=33735"}],"wp:term":[{"taxonomy":"category","embeddable":true,"href":"http:\/\/blitzconquista.com.br\/index.php?rest_route=%2Fwp%2Fv2%2Fcategories&post=33735"},{"taxonomy":"post_tag","embeddable":true,"href":"http:\/\/blitzconquista.com.br\/index.php?rest_route=%2Fwp%2Fv2%2Ftags&post=33735"}],"curies":[{"name":"wp","href":"https:\/\/api.w.org\/{rel}","templated":true}]}}