{"id":33830,"date":"2015-02-28T08:25:08","date_gmt":"2015-02-28T11:25:08","guid":{"rendered":"http:\/\/blitzconquista.com.br\/?p=33830"},"modified":"2015-03-01T18:29:57","modified_gmt":"2015-03-01T21:29:57","slug":"rotap-e-homenageado-na-camara-municipal","status":"publish","type":"post","link":"http:\/\/blitzconquista.com.br\/?p=33830","title":{"rendered":"ROTAP \u00e9 homenageado na C\u00e2mara Municipal"},"content":{"rendered":"<p><strong>Em comemora\u00e7\u00e3o ao primeiro ano de atua\u00e7\u00e3o, a ROTAP recebe homenagem do Legislativo municipal.<\/strong><br \/>\nA C\u00e2mara Municipal entregou na manh\u00e3 desta sexta-feira (27),durante a sess\u00e3o, duas Mo\u00e7\u00f5es de Aplausos a representantes do Grupo de Rondas Ostensivas T\u00e1ticas de A\u00e7\u00f5es Policiais (ROTAP), pertencente ao 4\u00ba Pelot\u00e3o da 77\u00ba Companhia Independente de Pol\u00edcia Militar, pelo seu anivers\u00e1rio de um ano.<\/p>\n<p>A iniciativa da mo\u00e7\u00e3o foi do Vereador Fernando Jacar\u00e9 (PT), que homenageou o grupo atrav\u00e9s do Major Marcelo Souza Lima e do comandante da ROTAP Sub Tem. Cristiano Oliveira Rodrigues.<\/p>\n<p><img decoding=\"async\" loading=\"lazy\" class=\" aligncenter\" src=\"http:\/\/img.camaravc.com.br\/images\/2015\/Sessoes\/02%20-%20Fevereiro\/27_Fev_15%20-%20Ordinaria\/sessao27_Fev_15_78.jpg\" alt=\"\" width=\"623\" height=\"413\" \/>O Sub Ten. Rodrigues agradeceu ao Major Souza Lima pelo apoio \u00e0 cria\u00e7\u00e3o do projeto e a todos que fazem parte do grupo. \u201cS\u00e3o homens e Mulheres incans\u00e1veis, que buscam, todos os dias, o objetivo de passar seguran\u00e7a para a popula\u00e7\u00e3o\u201d. Ele explicou ainda, que 23 localidades, entre bairros e distritos, s\u00e3o contemplados pelo trabalho da ROTAP.<\/p>\n<p><strong>ROTAP \u2013 <\/strong>O grupo tem como objetivo fortalecer \u00e0 popula\u00e7\u00e3o residente e que visita o setor sul da Zona Leste de Vit\u00f3ria da Conquista, a sensa\u00e7\u00e3o de seguran\u00e7a; apoio com mais efici\u00eancia e efic\u00e1cia na atividade de seguran\u00e7a p\u00fablica, al\u00e9m de servir de tropa de refor\u00e7o operacional m\u00f3vel nas diversas \u00e1reas de atua\u00e7\u00e3o da 77\u00ba CIPM. *Ascom CMVC<\/p>\n","protected":false},"excerpt":{"rendered":"<p>Em comemora\u00e7\u00e3o ao primeiro ano de atua\u00e7\u00e3o, a ROTAP recebe homenagem do Legislativo municipal. A C\u00e2mara Municipal entregou na manh\u00e3 desta sexta-feira (27),durante a sess\u00e3o, duas Mo\u00e7\u00f5es de Aplausos a representantes do Grupo de Rondas Ostensivas T\u00e1ticas de A\u00e7\u00f5es Policiais (ROTAP), pertencente ao 4\u00ba Pelot\u00e3o da 77\u00ba Companhia Independente de Pol\u00edcia Militar, pelo seu anivers\u00e1rio [&hellip;]<\/p>\n","protected":false},"author":1,"featured_media":33832,"comment_status":"open","ping_status":"closed","sticky":false,"template":"","format":"standard","meta":[],"categories":[3],"tags":[],"_links":{"self":[{"href":"http:\/\/blitzconquista.com.br\/index.php?rest_route=\/wp\/v2\/posts\/33830"}],"collection":[{"href":"http:\/\/blitzconquista.com.br\/index.php?rest_route=\/wp\/v2\/posts"}],"about":[{"href":"http:\/\/blitzconquista.com.br\/index.php?rest_route=\/wp\/v2\/types\/post"}],"author":[{"embeddable":true,"href":"http:\/\/blitzconquista.com.br\/index.php?rest_route=\/wp\/v2\/users\/1"}],"replies":[{"embeddable":true,"href":"http:\/\/blitzconquista.com.br\/index.php?rest_route=%2Fwp%2Fv2%2Fcomments&post=33830"}],"version-history":[{"count":0,"href":"http:\/\/blitzconquista.com.br\/index.php?rest_route=\/wp\/v2\/posts\/33830\/revisions"}],"wp:featuredmedia":[{"embeddable":true,"href":"http:\/\/blitzconquista.com.br\/index.php?rest_route=\/wp\/v2\/media\/33832"}],"wp:attachment":[{"href":"http:\/\/blitzconquista.com.br\/index.php?rest_route=%2Fwp%2Fv2%2Fmedia&parent=33830"}],"wp:term":[{"taxonomy":"category","embeddable":true,"href":"http:\/\/blitzconquista.com.br\/index.php?rest_route=%2Fwp%2Fv2%2Fcategories&post=33830"},{"taxonomy":"post_tag","embeddable":true,"href":"http:\/\/blitzconquista.com.br\/index.php?rest_route=%2Fwp%2Fv2%2Ftags&post=33830"}],"curies":[{"name":"wp","href":"https:\/\/api.w.org\/{rel}","templated":true}]}}