{"id":34241,"date":"2015-03-11T14:01:35","date_gmt":"2015-03-11T17:01:35","guid":{"rendered":"http:\/\/blitzconquista.com.br\/?p=34241"},"modified":"2015-03-11T14:01:35","modified_gmt":"2015-03-11T17:01:35","slug":"governo-municipal-participa-de-agenda-oficial-em-salvador","status":"publish","type":"post","link":"http:\/\/blitzconquista.com.br\/?p=34241","title":{"rendered":"Governo Municipal participa de agenda oficial em Salvador"},"content":{"rendered":"<p><strong>Em reuni\u00f5es com o governador Rui Costa e secret\u00e1rios, o prefeito Guilherme Menezes p\u00f4s em pauta projetos de interesse da popula\u00e7\u00e3o de Vit\u00f3ria da Conquista<\/strong><\/p>\n<p>Em meio a uma s\u00e9rie de reuni\u00f5es e contatos institucionais, o prefeito Guilherme Menezes retornou a Vit\u00f3ria da Conquista na \u00faltima quinta-feira, 5, com not\u00edcias positivas para a popula\u00e7\u00e3o do munic\u00edpio. A principal delas, referente \u00e0 Barragem do Rio Pardo, foi a garantia, dada pelo governador Rui Costa, de que envidar\u00e1 todos os esfor\u00e7os poss\u00edveis para conseguir os recursos federais necess\u00e1rios para viabilizar a obra.<\/p>\n<p>Rui, inclusive, reiterou ao prefeito j\u00e1 ter tratado do tema em reuni\u00f5es em Bras\u00edlia, com os ministros Gilberto Occhi, da Integra\u00e7\u00e3o Nacional, e Nelson Barbosa, do Planejamento. O encontro em Salvador durou cerca de duas horas e tamb\u00e9m teve a participa\u00e7\u00e3o dos engenheiros Hip\u00e9rides Macedo e Ornaldo Freitas, da IBI Engenharia, empresa que venceu a licita\u00e7\u00e3o aberta pela Prefeitura e ganhou o direito de elaborar o projeto executivo da barragem.<\/p>\n<p><strong>Barragem do Catol\u00e9 \u2013<\/strong> Outro tema tratado durante a reuni\u00e3o foi a Barragem do Rio Catol\u00e9, cujo projeto j\u00e1 est\u00e1 com o Governo Estadual. H\u00e1 cerca de um ano, est\u00e1 em funcionamento a adutora do Catol\u00e9, obra executada em car\u00e1ter emergencial pela Empresa Baiana de \u00c1guas e Saneamento (Embasa), a fim de suprir o d\u00e9ficit de \u00e1gua nas barragens de \u00c1gua Fria I e II, que abastecem Vit\u00f3ria da Conquista.<\/p>\n<p>Foram constru\u00eddos 15,3 quil\u00f4metros de tubula\u00e7\u00e3o, tr\u00eas esta\u00e7\u00f5es elevat\u00f3rias e um barramento no Rio Catol\u00e9 Grande, com capta\u00e7\u00e3o flutuante com capacidade para transportar 300 litros de \u00e1gua por segundo at\u00e9 a barragem de \u00c1gua Fria II. O investimento foi de R$ 33 milh\u00f5es. A obra tem a miss\u00e3o de garantir a seguran\u00e7a h\u00eddrica para Vit\u00f3ria da Conquista durante cinco anos, per\u00edodo em que ser\u00e1 constru\u00edda a Barragem do Rio Catol\u00e9, por meio de um investimento de R$ 141,7 milh\u00f5es.<\/p>\n<p><strong>Interna\u00e7\u00e3o provis\u00f3ria<\/strong> \u2013 O prefeito Guilherme discutiu, ainda, sobre a import\u00e2ncia da celeridade na libera\u00e7\u00e3o dos recursos para a constru\u00e7\u00e3o da futura Casa de Interna\u00e7\u00e3o Provis\u00f3ria e Permanente para Adolescentes. Um volume de R$ 10 milh\u00f5es, para a constru\u00e7\u00e3o da unidade, foi garantido pela ent\u00e3o ministra da Secretaria de Direitos Humanos, Maria do Ros\u00e1rio, durante reuni\u00e3o com o prefeito Guilherme, em 2014. O Governo Municipal, com vistas \u00e0 implanta\u00e7\u00e3o do equipamento, doou para a Funda\u00e7\u00e3o da Crian\u00e7a e do Adolescente (Fundac) um terreno para a constru\u00e7\u00e3o da Casa, com \u00e1rea total de 22 mil metros quadrados.<\/p>\n<p>Com a constru\u00e7\u00e3o da nova unidade em Vit\u00f3ria da Conquista, haver\u00e1 capacidade para comportar 90 adolescentes nessa condi\u00e7\u00e3o. O equipamento contar\u00e1 com \u00e1rea de lazer e de conviv\u00eancia, quadras poliesportivas, pr\u00e9dios para implanta\u00e7\u00e3o de escola estadual e municipal, enfermaria e cozinha, al\u00e9m de \u00e1reas arborizadas e espa\u00e7os para celebra\u00e7\u00f5es ecum\u00eanicas.<\/p>\n<p><strong>Outros encontros<\/strong> \u2013 A agenda do prefeito em Salvador incluiu outros encontros com a equipe da Secretaria de Infraestrutura, e com o secret\u00e1rio de Sa\u00fade, F\u00e1bio Vilas-Boas. Ainda na quinta-feira, 5, o gestor participou da cerim\u00f4nia de posse da nova diretoria da Uni\u00e3o dos Munic\u00edpios da Bahia (UPB). *Secom<\/p>\n<p><a href=\"http:\/\/www.pmvc.ba.gov.br\/v2\/wp-content\/uploads\/rui-e-guilherme2.jpg\" rel=\"shadowbox\"><img decoding=\"async\" loading=\"lazy\" class=\"aligncenter  wp-image-85788\" title=\"rui-e-guilherme2\" src=\"http:\/\/www.pmvc.ba.gov.br\/v2\/wp-content\/uploads\/rui-e-guilherme2-598x399.jpg\" alt=\"\" width=\"538\" height=\"359\" \/><\/a><\/p>\n","protected":false},"excerpt":{"rendered":"<p>Em reuni\u00f5es com o governador Rui Costa e secret\u00e1rios, o prefeito Guilherme Menezes p\u00f4s em pauta projetos de interesse da popula\u00e7\u00e3o de Vit\u00f3ria da Conquista Em meio a uma s\u00e9rie de reuni\u00f5es e contatos institucionais, o prefeito Guilherme Menezes retornou a Vit\u00f3ria da Conquista na \u00faltima quinta-feira, 5, com not\u00edcias positivas para a popula\u00e7\u00e3o do [&hellip;]<\/p>\n","protected":false},"author":1,"featured_media":34242,"comment_status":"open","ping_status":"closed","sticky":false,"template":"","format":"standard","meta":[],"categories":[5],"tags":[],"_links":{"self":[{"href":"http:\/\/blitzconquista.com.br\/index.php?rest_route=\/wp\/v2\/posts\/34241"}],"collection":[{"href":"http:\/\/blitzconquista.com.br\/index.php?rest_route=\/wp\/v2\/posts"}],"about":[{"href":"http:\/\/blitzconquista.com.br\/index.php?rest_route=\/wp\/v2\/types\/post"}],"author":[{"embeddable":true,"href":"http:\/\/blitzconquista.com.br\/index.php?rest_route=\/wp\/v2\/users\/1"}],"replies":[{"embeddable":true,"href":"http:\/\/blitzconquista.com.br\/index.php?rest_route=%2Fwp%2Fv2%2Fcomments&post=34241"}],"version-history":[{"count":0,"href":"http:\/\/blitzconquista.com.br\/index.php?rest_route=\/wp\/v2\/posts\/34241\/revisions"}],"wp:featuredmedia":[{"embeddable":true,"href":"http:\/\/blitzconquista.com.br\/index.php?rest_route=\/wp\/v2\/media\/34242"}],"wp:attachment":[{"href":"http:\/\/blitzconquista.com.br\/index.php?rest_route=%2Fwp%2Fv2%2Fmedia&parent=34241"}],"wp:term":[{"taxonomy":"category","embeddable":true,"href":"http:\/\/blitzconquista.com.br\/index.php?rest_route=%2Fwp%2Fv2%2Fcategories&post=34241"},{"taxonomy":"post_tag","embeddable":true,"href":"http:\/\/blitzconquista.com.br\/index.php?rest_route=%2Fwp%2Fv2%2Ftags&post=34241"}],"curies":[{"name":"wp","href":"https:\/\/api.w.org\/{rel}","templated":true}]}}