{"id":34305,"date":"2015-03-12T11:33:05","date_gmt":"2015-03-12T14:33:05","guid":{"rendered":"http:\/\/blitzconquista.com.br\/?p=34305"},"modified":"2015-03-12T12:16:50","modified_gmt":"2015-03-12T15:16:50","slug":"psdb-diz-que-participara-de-manifestacoes-contra-o-governo-no-dia-15","status":"publish","type":"post","link":"http:\/\/blitzconquista.com.br\/?p=34305","title":{"rendered":"PSDB diz que participar\u00e1 de manifesta\u00e7\u00f5es contra o governo no dia 15"},"content":{"rendered":"<p>O PSDB anunciou hoje (11) que vai apoiar as manifesta\u00e7\u00f5es contra o governo da presidenta Dilma Rousseff convocadas para o pr\u00f3ximo domingo (15) em v\u00e1rias cidades do pa\u00eds. O partido acrescentou que participar\u00e1 dos protestos.<\/p>\n<p>\u201cO PSDB, atrav\u00e9s de seus militantes, simpatizantes e v\u00e1rias de suas lideran\u00e7as participar\u00e1, ao lado de brasileiros de todas as regi\u00f5es do pa\u00eds, desse movimento apartid\u00e1rio que surge do mais leg\u00edtimo sentimento de indigna\u00e7\u00e3o da sociedade brasileira\u201d, informa a nota divulgada pelo partido nesta tarde, assinada pelo presidente da legenda, A\u00e9cio Neves, e pelos l\u00edderes do partido no Senado, C\u00e1ssio Cunha Lima, e na C\u00e2mara, Carlos Sampaio.<\/p>\n<p>No texto, o PSDB diz que as manifesta\u00e7\u00f5es s\u00e3o leg\u00edtimas em um pa\u00eds que vive \u201cem plena democracia\u201d e que a liberdade de pensamento \u00e9 uma garantia constitucional. \u201cO PSDB defende a livre manifesta\u00e7\u00e3o de opini\u00e3o e o direito \u00e0 express\u00e3o dos cidad\u00e3os e, portanto, apoia os atos pac\u00edficos e democr\u00e1ticos convocados para o pr\u00f3ximo dia 15 de mar\u00e7o em todo o pa\u00eds.\u201d<\/p>\n<p>Para a legenda, as a\u00e7\u00f5es programadas fortificam o ideal democr\u00e1tico. \u201cMais do que uma garantia constitucional, a liberdade de pensamento e de cr\u00edtica \u00e9 fundamento essencial para o fortalecimento da vida democr\u00e1tica e o enraizamento social dos valores republicanos.\u201d<\/p>\n<p>O partido n\u00e3o faz nenhuma refer\u00eancia a eventuais pedidos de <em>impeachment<\/em> de Dilma, defendido por algumas das entidades que organizam os protestos. \u201cO PSDB repudia a atitude daqueles que, em nome de seus interesses partid\u00e1rios, cerceiam e deturpam o direito \u00e0 livre manifesta\u00e7\u00e3o, e tentam convencer a popula\u00e7\u00e3o de que a cr\u00edtica aos governantes se confunde com atentados contra a ordem institucional e o Estado de Direito.\u201d<\/p>\n<p>No texto, o PSDB diz que um dos principais prop\u00f3sitos dos protestos \u00e9 cobrar puni\u00e7\u00e3o para a\u00e7\u00f5es corruptas. \u201cAo contr\u00e1rio de que alguns tentam fazer crer, os protestos que ocorrem nas redes sociais e nas ruas n\u00e3o defendem um terceiro turno, mas a rigorosa apura\u00e7\u00e3o de responsabilidades sobre a corrup\u00e7\u00e3o end\u00eamica incrustada no corpo do Estado nacional, e cobra o abandono dos compromissos assumidos publicamente com a popula\u00e7\u00e3o\u201d.<\/p>\n<p><img decoding=\"async\" loading=\"lazy\" class=\"alignnone size-full wp-image-32052\" src=\"http:\/\/blitzconquista.com.br\/wp-content\/uploads\/2015\/01\/agencia_brasil_logo.png\" alt=\"agencia_brasil_logo\" width=\"130\" height=\"27\" \/><\/p>\n","protected":false},"excerpt":{"rendered":"<p>O PSDB anunciou hoje (11) que vai apoiar as manifesta\u00e7\u00f5es contra o governo da presidenta Dilma Rousseff convocadas para o pr\u00f3ximo domingo (15) em v\u00e1rias cidades do pa\u00eds. O partido acrescentou que participar\u00e1 dos protestos. \u201cO PSDB, atrav\u00e9s de seus militantes, simpatizantes e v\u00e1rias de suas lideran\u00e7as participar\u00e1, ao lado de brasileiros de todas as [&hellip;]<\/p>\n","protected":false},"author":1,"featured_media":0,"comment_status":"open","ping_status":"closed","sticky":false,"template":"","format":"standard","meta":[],"categories":[5],"tags":[],"_links":{"self":[{"href":"http:\/\/blitzconquista.com.br\/index.php?rest_route=\/wp\/v2\/posts\/34305"}],"collection":[{"href":"http:\/\/blitzconquista.com.br\/index.php?rest_route=\/wp\/v2\/posts"}],"about":[{"href":"http:\/\/blitzconquista.com.br\/index.php?rest_route=\/wp\/v2\/types\/post"}],"author":[{"embeddable":true,"href":"http:\/\/blitzconquista.com.br\/index.php?rest_route=\/wp\/v2\/users\/1"}],"replies":[{"embeddable":true,"href":"http:\/\/blitzconquista.com.br\/index.php?rest_route=%2Fwp%2Fv2%2Fcomments&post=34305"}],"version-history":[{"count":0,"href":"http:\/\/blitzconquista.com.br\/index.php?rest_route=\/wp\/v2\/posts\/34305\/revisions"}],"wp:attachment":[{"href":"http:\/\/blitzconquista.com.br\/index.php?rest_route=%2Fwp%2Fv2%2Fmedia&parent=34305"}],"wp:term":[{"taxonomy":"category","embeddable":true,"href":"http:\/\/blitzconquista.com.br\/index.php?rest_route=%2Fwp%2Fv2%2Fcategories&post=34305"},{"taxonomy":"post_tag","embeddable":true,"href":"http:\/\/blitzconquista.com.br\/index.php?rest_route=%2Fwp%2Fv2%2Ftags&post=34305"}],"curies":[{"name":"wp","href":"https:\/\/api.w.org\/{rel}","templated":true}]}}