{"id":34324,"date":"2015-03-12T21:44:24","date_gmt":"2015-03-13T00:44:24","guid":{"rendered":"http:\/\/blitzconquista.com.br\/?p=34324"},"modified":"2015-03-12T21:44:24","modified_gmt":"2015-03-13T00:44:24","slug":"rui-anuncia-pelo-twitter-convocacao-de-2-mil-aprovados-no-concurso-da-pm","status":"publish","type":"post","link":"http:\/\/blitzconquista.com.br\/?p=34324","title":{"rendered":"Rui anuncia pelo Twitter convoca\u00e7\u00e3o de 2 mil aprovados no concurso da PM"},"content":{"rendered":"<p>Utilizando o perfil pessoal no Twitter, o governador Rui Costa (PT) anunciou nesta quinta-feira (12) que 2 mil aprovados no concurso da Pol\u00edcia Militar de 2012 ser\u00e3o convocados nos pr\u00f3ximos dias. De acordo com o governador, o edital para a convoca\u00e7\u00e3o dos novos policiais deve ser publicado no Di\u00e1rio Oficial do Estado na pr\u00f3xima semana. Na \u00faltima sexta (6), o l\u00edder do governo, deputado Z\u00e9 Neto (PT), garantiu, em conversa com lideran\u00e7as dos aprovados no concurso, autoproclamados \u201cexcedentes\u201d, que o total de convoca\u00e7\u00f5es seria divulgado em breve pelo governador. *Bahia Not\u00edcias<\/p>\n<p><img decoding=\"async\" loading=\"lazy\" class=\" size-full wp-image-34325 aligncenter\" src=\"http:\/\/blitzconquista.com.br\/wp-content\/uploads\/2015\/03\/twitter-rui-costa.jpg\" alt=\"twitter rui costa\" width=\"507\" height=\"418\" srcset=\"http:\/\/blitzconquista.com.br\/wp-content\/uploads\/2015\/03\/twitter-rui-costa.jpg 507w, http:\/\/blitzconquista.com.br\/wp-content\/uploads\/2015\/03\/twitter-rui-costa-300x247.jpg 300w\" sizes=\"(max-width: 507px) 100vw, 507px\" \/><\/p>\n<p>&nbsp;<\/p>\n","protected":false},"excerpt":{"rendered":"<p>Utilizando o perfil pessoal no Twitter, o governador Rui Costa (PT) anunciou nesta quinta-feira (12) que 2 mil aprovados no concurso da Pol\u00edcia Militar de 2012 ser\u00e3o convocados nos pr\u00f3ximos dias. De acordo com o governador, o edital para a convoca\u00e7\u00e3o dos novos policiais deve ser publicado no Di\u00e1rio Oficial do Estado na pr\u00f3xima semana. [&hellip;]<\/p>\n","protected":false},"author":1,"featured_media":34326,"comment_status":"open","ping_status":"closed","sticky":false,"template":"","format":"standard","meta":[],"categories":[5],"tags":[],"_links":{"self":[{"href":"http:\/\/blitzconquista.com.br\/index.php?rest_route=\/wp\/v2\/posts\/34324"}],"collection":[{"href":"http:\/\/blitzconquista.com.br\/index.php?rest_route=\/wp\/v2\/posts"}],"about":[{"href":"http:\/\/blitzconquista.com.br\/index.php?rest_route=\/wp\/v2\/types\/post"}],"author":[{"embeddable":true,"href":"http:\/\/blitzconquista.com.br\/index.php?rest_route=\/wp\/v2\/users\/1"}],"replies":[{"embeddable":true,"href":"http:\/\/blitzconquista.com.br\/index.php?rest_route=%2Fwp%2Fv2%2Fcomments&post=34324"}],"version-history":[{"count":0,"href":"http:\/\/blitzconquista.com.br\/index.php?rest_route=\/wp\/v2\/posts\/34324\/revisions"}],"wp:featuredmedia":[{"embeddable":true,"href":"http:\/\/blitzconquista.com.br\/index.php?rest_route=\/wp\/v2\/media\/34326"}],"wp:attachment":[{"href":"http:\/\/blitzconquista.com.br\/index.php?rest_route=%2Fwp%2Fv2%2Fmedia&parent=34324"}],"wp:term":[{"taxonomy":"category","embeddable":true,"href":"http:\/\/blitzconquista.com.br\/index.php?rest_route=%2Fwp%2Fv2%2Fcategories&post=34324"},{"taxonomy":"post_tag","embeddable":true,"href":"http:\/\/blitzconquista.com.br\/index.php?rest_route=%2Fwp%2Fv2%2Ftags&post=34324"}],"curies":[{"name":"wp","href":"https:\/\/api.w.org\/{rel}","templated":true}]}}