{"id":34362,"date":"2015-03-13T23:42:31","date_gmt":"2015-03-14T02:42:31","guid":{"rendered":"http:\/\/blitzconquista.com.br\/?p=34362"},"modified":"2015-03-13T23:43:57","modified_gmt":"2015-03-14T02:43:57","slug":"e-revoltante-o-descaso-com-o-pedestre-desabafa-leitor","status":"publish","type":"post","link":"http:\/\/blitzconquista.com.br\/?p=34362","title":{"rendered":"\u201c\u00c9 revoltante o descaso com o pedestre\u201d desabafa leitor"},"content":{"rendered":"<p>Estacionar carros e motos nos passeios e cal\u00e7adas \u00e9 um dos piores \u201ch\u00e1bitos\u201d dos condutores brasileiros. Onde quer que se v\u00e1, nos centros e bairros de nossas cidades, sempre \u00e9 poss\u00edvel flagrar o ve\u00edculo de algu\u00e9m ocupando um espa\u00e7o que exclusivamente deveria pertencer ao, no mais das vezes desvalorizado, pedestre.<br \/>\nMas a culpa n\u00e3o \u00e9 apenas das pessoas. O poder p\u00fablico \u00e9 um grande patrocinador da ocupa\u00e7\u00e3o desordenada, dos bairros constru\u00eddos com estruturas aqu\u00e9m, dos centros arcaicos carentes de revitaliza\u00e7\u00e3o, da falta de forma\u00e7\u00e3o eficiente aos cidad\u00e3os.<\/p>\n<p><img decoding=\"async\" loading=\"lazy\" class=\" aligncenter\" src=\"http:\/\/www.blogtransitar.com.br\/v1\/wp-content\/uploads\/2015\/03\/leonardo-Caetit%C3%A9-2.jpg\" alt=\"\" width=\"640\" height=\"480\" \/><\/p>\n<p>&nbsp;<\/p>\n<p>Al\u00e9m de conviver com cal\u00e7adas mal planejadas, pedestres ainda s\u00e3o obrigados a lidar com outros obst\u00e1culos que dificultam e geram perigo principalmente a idoso e deficientes f\u00edsicos.<br \/>\nEsta \u00e9 uma situa\u00e7\u00e3o que vai muito al\u00e9m da fiscaliza\u00e7\u00e3o. Em Vit\u00f3ria da Conquista por exemplo, em v\u00e1rias vias a pista e os passeios e cal\u00e7adas est\u00e3o no mesmo n\u00edvel, um \u201cconvite\u201d para os condutores menos comprometidos com as normas do C\u00f3digo de Tr\u00e2nsito. Pedestres transitarem pela Avenida Fernando Sp\u00ednola, pr\u00f3ximo a Pra\u00e7a Vitor Brito, \u00e9 uma aventura com carros e motos ocupando irregularmente o espa\u00e7o p\u00fablico. Esta ventura dos pedestres parece n\u00e3o ter fim com sinais de piora dia ap\u00f3s dia: \u201c\u00c9 revoltante o descaso com o pedestre\u201d desabafa o leitor do Blog.<br \/>\nAl\u00e9m da Fernando Sp\u00ednola, as Avenidas Brumado e Bartolomeu de Gusm\u00e3o possuem lojas de revendas de carros que continuam utilizando a cal\u00e7ada como vitrine para seus produtos. Por toda cidade tamb\u00e9m se observa passeios irregulares que infernizam a vida de idosos, cadeirantes e deficientes visuais.<\/p>\n<p><img decoding=\"async\" loading=\"lazy\" class=\" aligncenter\" src=\"http:\/\/www.blogtransitar.com.br\/v1\/wp-content\/uploads\/2015\/03\/Leonardo-Caetit%C3%A9-3.jpg\" alt=\"\" width=\"623\" height=\"470\" \/><\/p>\n<p>No cruzamento da Fernando Sp\u00ednola com Cat\u00e3o Ferraz o recuo \u00e9 pr\u00f3prio para motos, mas condutores de carros improvisam e tomam espa\u00e7o das pessoas.<br \/>\nFaz-se necess\u00e1rio que o poder p\u00fablico, em parceria com a comunidade, identifique esses locais cr\u00edticos e implemente melhorias para criar \u201cimpedimento\u201d, invista em campanhas educativas que s\u00e3o t\u00e3o raras e claro, fiscalize afinal qualquer sabe (acho!) que estacionar no passeio\/cal\u00e7ada \u00e9 proibido, \u00e9 uma infra\u00e7\u00e3o de tr\u00e2nsito, \u00e9 um desrespeito ao pedestre.<\/p>\n<p><img decoding=\"async\" loading=\"lazy\" class=\"alignnone size-full wp-image-32183\" src=\"http:\/\/blitzconquista.com.br\/wp-content\/uploads\/2015\/01\/transitar.jpg\" alt=\"transitar\" width=\"200\" height=\"70\" \/><\/p>\n","protected":false},"excerpt":{"rendered":"<p>Estacionar carros e motos nos passeios e cal\u00e7adas \u00e9 um dos piores \u201ch\u00e1bitos\u201d dos condutores brasileiros. Onde quer que se v\u00e1, nos centros e bairros de nossas cidades, sempre \u00e9 poss\u00edvel flagrar o ve\u00edculo de algu\u00e9m ocupando um espa\u00e7o que exclusivamente deveria pertencer ao, no mais das vezes desvalorizado, pedestre. Mas a culpa n\u00e3o \u00e9 [&hellip;]<\/p>\n","protected":false},"author":1,"featured_media":34364,"comment_status":"open","ping_status":"closed","sticky":false,"template":"","format":"standard","meta":[],"categories":[7],"tags":[],"_links":{"self":[{"href":"http:\/\/blitzconquista.com.br\/index.php?rest_route=\/wp\/v2\/posts\/34362"}],"collection":[{"href":"http:\/\/blitzconquista.com.br\/index.php?rest_route=\/wp\/v2\/posts"}],"about":[{"href":"http:\/\/blitzconquista.com.br\/index.php?rest_route=\/wp\/v2\/types\/post"}],"author":[{"embeddable":true,"href":"http:\/\/blitzconquista.com.br\/index.php?rest_route=\/wp\/v2\/users\/1"}],"replies":[{"embeddable":true,"href":"http:\/\/blitzconquista.com.br\/index.php?rest_route=%2Fwp%2Fv2%2Fcomments&post=34362"}],"version-history":[{"count":0,"href":"http:\/\/blitzconquista.com.br\/index.php?rest_route=\/wp\/v2\/posts\/34362\/revisions"}],"wp:featuredmedia":[{"embeddable":true,"href":"http:\/\/blitzconquista.com.br\/index.php?rest_route=\/wp\/v2\/media\/34364"}],"wp:attachment":[{"href":"http:\/\/blitzconquista.com.br\/index.php?rest_route=%2Fwp%2Fv2%2Fmedia&parent=34362"}],"wp:term":[{"taxonomy":"category","embeddable":true,"href":"http:\/\/blitzconquista.com.br\/index.php?rest_route=%2Fwp%2Fv2%2Fcategories&post=34362"},{"taxonomy":"post_tag","embeddable":true,"href":"http:\/\/blitzconquista.com.br\/index.php?rest_route=%2Fwp%2Fv2%2Ftags&post=34362"}],"curies":[{"name":"wp","href":"https:\/\/api.w.org\/{rel}","templated":true}]}}