{"id":34376,"date":"2015-03-14T00:10:36","date_gmt":"2015-03-14T03:10:36","guid":{"rendered":"http:\/\/blitzconquista.com.br\/?p=34376"},"modified":"2015-03-14T00:10:36","modified_gmt":"2015-03-14T03:10:36","slug":"justica-do-rio-proibe-torcida-jovem-do-flamengo-de-ir-aos-estadios-por-um-ano","status":"publish","type":"post","link":"http:\/\/blitzconquista.com.br\/?p=34376","title":{"rendered":"Justi\u00e7a do Rio pro\u00edbe Torcida Jovem do Flamengo de ir aos est\u00e1dios por um ano"},"content":{"rendered":"<p>Os integrantes da Torcida Jovem do Flamengo n\u00e3o poder\u00e3o ir aos est\u00e1dios pelo prazo de um ano. A decis\u00e3o do Juizado do Torcedor e Grandes Eventos foi anunciada hoje (13). A liminar da Justi\u00e7a atendeu a requerimento feito ontem (12) pelo Minist\u00e9rio P\u00fablico do Estado do Rio de Janeiro (MPRJ) em a\u00e7\u00e3o civil p\u00fablica proposta pela promotora de Justi\u00e7a Gl\u00edcia Pessanha Viana Crispim, em aux\u00edlio \u00e0 4\u00aa Promotoria de Justi\u00e7a de Tutela Coletiva de Defesa do Consumidor e do Contribuinte da Capital. A informa\u00e7\u00e3o \u00e9 da assessoria de imprensa do MPRJ.<\/p>\n<p>No \u00faltimo dia 6, a Justi\u00e7a divulgou decis\u00e3o id\u00eantica \u00e0 aplicada agora, relativa \u00e0 torcida do Fluminense (Young Flu) e \u00e0 For\u00e7a Jovem do Vasco.<\/p>\n<p>De acordo com a liminar, caso a medida seja descumprida, os integrantes da Torcida Jovem do Flamengo pagar\u00e3o multa de R$ 20 mil por torcedor identificado ou por evento esportivo de que participe, sujeitando-se ainda \u00e0 retirada do local da partida.<\/p>\n<p>A decis\u00e3o da Justi\u00e7a estabelece ainda que os integrantes da torcida organizada n\u00e3o poder\u00e3o usar marcas, camisas, instrumentos musicais ou entoar cantos alusivos \u00e0 presen\u00e7a dos torcedores em um raio de 5 quil\u00f4metros dos locais onde ocorram jogos de futebol ou outros eventos esportivos.<\/p>\n<p>Segundo o Minist\u00e9rio P\u00fablico, investiga\u00e7\u00f5es feitas pelo Grupamento Especial de Policiamento em Est\u00e1dios e encaminhadas ao \u00f3rg\u00e3o apuraram atos de viol\u00eancia praticados por membros da Torcida Jovem do Flamengo no dia 31 de janeiro deste ano, no jogo entre equipes do Maca\u00e9 e do Flamengo, no Est\u00e1dio Cl\u00e1udio Moacyr de Azevedo, em Maca\u00e9, norte do estado.<\/p>\n<p>Momentos antes da partida, membros da torcida organizada do Flamengo invadiram o vesti\u00e1rio do Maca\u00e9 e \u201cfurtaram pertences e aterrorizaram jogadores e membros da comiss\u00e3o t\u00e9cnica\u201d, inclusive, o goleiro Ricardo Berna, que foi agredido fisicamente por alguns torcedores. Os fatos foram comprovados por meio de v\u00eddeos postados na internet.<\/p>\n<p>A a\u00e7\u00e3o civil p\u00fablica cita outros epis\u00f3dios registrados no dia 1\u00ba de mar\u00e7o, na Esta\u00e7\u00e3o S\u00e3o Crist\u00f3v\u00e3o do metr\u00f4, na zona norte, no dia do jogo entre Flamengo e Botafogo pelo campeonato carioca. No local, um torcedor flamenguista foi preso com arma de fogo e drogas.<\/p>\n<p><img decoding=\"async\" loading=\"lazy\" class=\"alignnone size-full wp-image-32052\" src=\"http:\/\/blitzconquista.com.br\/wp-content\/uploads\/2015\/01\/agencia_brasil_logo.png\" alt=\"agencia_brasil_logo\" width=\"130\" height=\"27\" \/><\/p>\n","protected":false},"excerpt":{"rendered":"<p>Os integrantes da Torcida Jovem do Flamengo n\u00e3o poder\u00e3o ir aos est\u00e1dios pelo prazo de um ano. A decis\u00e3o do Juizado do Torcedor e Grandes Eventos foi anunciada hoje (13). A liminar da Justi\u00e7a atendeu a requerimento feito ontem (12) pelo Minist\u00e9rio P\u00fablico do Estado do Rio de Janeiro (MPRJ) em a\u00e7\u00e3o civil p\u00fablica proposta [&hellip;]<\/p>\n","protected":false},"author":1,"featured_media":34377,"comment_status":"open","ping_status":"closed","sticky":false,"template":"","format":"standard","meta":[],"categories":[1],"tags":[],"_links":{"self":[{"href":"http:\/\/blitzconquista.com.br\/index.php?rest_route=\/wp\/v2\/posts\/34376"}],"collection":[{"href":"http:\/\/blitzconquista.com.br\/index.php?rest_route=\/wp\/v2\/posts"}],"about":[{"href":"http:\/\/blitzconquista.com.br\/index.php?rest_route=\/wp\/v2\/types\/post"}],"author":[{"embeddable":true,"href":"http:\/\/blitzconquista.com.br\/index.php?rest_route=\/wp\/v2\/users\/1"}],"replies":[{"embeddable":true,"href":"http:\/\/blitzconquista.com.br\/index.php?rest_route=%2Fwp%2Fv2%2Fcomments&post=34376"}],"version-history":[{"count":0,"href":"http:\/\/blitzconquista.com.br\/index.php?rest_route=\/wp\/v2\/posts\/34376\/revisions"}],"wp:featuredmedia":[{"embeddable":true,"href":"http:\/\/blitzconquista.com.br\/index.php?rest_route=\/wp\/v2\/media\/34377"}],"wp:attachment":[{"href":"http:\/\/blitzconquista.com.br\/index.php?rest_route=%2Fwp%2Fv2%2Fmedia&parent=34376"}],"wp:term":[{"taxonomy":"category","embeddable":true,"href":"http:\/\/blitzconquista.com.br\/index.php?rest_route=%2Fwp%2Fv2%2Fcategories&post=34376"},{"taxonomy":"post_tag","embeddable":true,"href":"http:\/\/blitzconquista.com.br\/index.php?rest_route=%2Fwp%2Fv2%2Ftags&post=34376"}],"curies":[{"name":"wp","href":"https:\/\/api.w.org\/{rel}","templated":true}]}}