{"id":34409,"date":"2015-03-15T19:38:45","date_gmt":"2015-03-15T22:38:45","guid":{"rendered":"http:\/\/blitzconquista.com.br\/?p=34409"},"modified":"2015-03-15T19:38:45","modified_gmt":"2015-03-15T22:38:45","slug":"conquistenses-protestam-contra-corrupcao","status":"publish","type":"post","link":"http:\/\/blitzconquista.com.br\/?p=34409","title":{"rendered":"Conquistenses protestam contra corrup\u00e7\u00e3o"},"content":{"rendered":"<p>Centenas de conquistenses sa\u00edram \u00e0s ruas neste domingo, 15, protestando contra a corrup\u00e7\u00e3o. <img decoding=\"async\" loading=\"lazy\" class=\"  wp-image-34412 aligncenter\" src=\"http:\/\/blitzconquista.com.br\/wp-content\/uploads\/2015\/03\/IMG-20150315-WA0078.jpg\" alt=\"IMG-20150315-WA0078\" width=\"351\" height=\"468\" srcset=\"http:\/\/blitzconquista.com.br\/wp-content\/uploads\/2015\/03\/IMG-20150315-WA0078.jpg 540w, http:\/\/blitzconquista.com.br\/wp-content\/uploads\/2015\/03\/IMG-20150315-WA0078-225x300.jpg 225w, http:\/\/blitzconquista.com.br\/wp-content\/uploads\/2015\/03\/IMG-20150315-WA0078-375x500.jpg 375w\" sizes=\"(max-width: 351px) 100vw, 351px\" \/>Alguns reivindicavam o impeachment da presidente Dilma Rouself.<\/p>\n<p><img decoding=\"async\" loading=\"lazy\" class=\" size-full wp-image-34410 aligncenter\" src=\"http:\/\/blitzconquista.com.br\/wp-content\/uploads\/2015\/03\/IMG-20150315-WA0079.jpg\" alt=\"IMG-20150315-WA0079\" width=\"420\" height=\"281\" srcset=\"http:\/\/blitzconquista.com.br\/wp-content\/uploads\/2015\/03\/IMG-20150315-WA0079.jpg 420w, http:\/\/blitzconquista.com.br\/wp-content\/uploads\/2015\/03\/IMG-20150315-WA0079-300x201.jpg 300w\" sizes=\"(max-width: 420px) 100vw, 420px\" \/><br \/>\nVestidos de verde e amarelo os manifestantes sa\u00edram da Pra\u00e7a da Normal e seguiram at\u00e9 a Av. Integra\u00e7\u00e3o, onde encerraram o ato. O movimento foi pac\u00edfico e n\u00e3o houve registro de incidentes.<\/p>\n<p>&nbsp;<\/p>\n<p><em>*Fotos: redes sociais<\/em><\/p>\n","protected":false},"excerpt":{"rendered":"<p>Centenas de conquistenses sa\u00edram \u00e0s ruas neste domingo, 15, protestando contra a corrup\u00e7\u00e3o. Alguns reivindicavam o impeachment da presidente Dilma Rouself. Vestidos de verde e amarelo os manifestantes sa\u00edram da Pra\u00e7a da Normal e seguiram at\u00e9 a Av. Integra\u00e7\u00e3o, onde encerraram o ato. O movimento foi pac\u00edfico e n\u00e3o houve registro de incidentes. &nbsp; *Fotos: [&hellip;]<\/p>\n","protected":false},"author":1,"featured_media":34411,"comment_status":"open","ping_status":"closed","sticky":false,"template":"","format":"standard","meta":[],"categories":[5],"tags":[],"_links":{"self":[{"href":"http:\/\/blitzconquista.com.br\/index.php?rest_route=\/wp\/v2\/posts\/34409"}],"collection":[{"href":"http:\/\/blitzconquista.com.br\/index.php?rest_route=\/wp\/v2\/posts"}],"about":[{"href":"http:\/\/blitzconquista.com.br\/index.php?rest_route=\/wp\/v2\/types\/post"}],"author":[{"embeddable":true,"href":"http:\/\/blitzconquista.com.br\/index.php?rest_route=\/wp\/v2\/users\/1"}],"replies":[{"embeddable":true,"href":"http:\/\/blitzconquista.com.br\/index.php?rest_route=%2Fwp%2Fv2%2Fcomments&post=34409"}],"version-history":[{"count":0,"href":"http:\/\/blitzconquista.com.br\/index.php?rest_route=\/wp\/v2\/posts\/34409\/revisions"}],"wp:featuredmedia":[{"embeddable":true,"href":"http:\/\/blitzconquista.com.br\/index.php?rest_route=\/wp\/v2\/media\/34411"}],"wp:attachment":[{"href":"http:\/\/blitzconquista.com.br\/index.php?rest_route=%2Fwp%2Fv2%2Fmedia&parent=34409"}],"wp:term":[{"taxonomy":"category","embeddable":true,"href":"http:\/\/blitzconquista.com.br\/index.php?rest_route=%2Fwp%2Fv2%2Fcategories&post=34409"},{"taxonomy":"post_tag","embeddable":true,"href":"http:\/\/blitzconquista.com.br\/index.php?rest_route=%2Fwp%2Fv2%2Ftags&post=34409"}],"curies":[{"name":"wp","href":"https:\/\/api.w.org\/{rel}","templated":true}]}}