{"id":34431,"date":"2015-03-15T23:46:06","date_gmt":"2015-03-16T02:46:06","guid":{"rendered":"http:\/\/blitzconquista.com.br\/?p=34431"},"modified":"2015-03-15T23:46:06","modified_gmt":"2015-03-16T02:46:06","slug":"sede-do-pt-em-jundiai-e-incendiada","status":"publish","type":"post","link":"http:\/\/blitzconquista.com.br\/?p=34431","title":{"rendered":"Sede do PT em Jundia\u00ed \u00e9 incendiada"},"content":{"rendered":"<p>O PT confirmou, em nota, que a sede do partido em Jundia\u00ed, S\u00e3o Paulo, sofreu um atentado a bomba, provavelmente tipo <em>molotov<\/em>, que causou estragos em uma sala, queimando documentos, cortinas, mesas e cadeiras. De acordo com a pol\u00edcia, atearam fogo no im\u00f3vel ap\u00f3s o fim das manifesta\u00e7\u00f5es contra o governo federal na cidade.<\/p>\n<p>O presidente municipal da legenda, Arthur Augusto, disse n\u00e3o acreditar que tenha sido uma a\u00e7\u00e3o orquestrada por advers\u00e1rios pol\u00edticos. \u201cLament\u00e1vel este tipo de a\u00e7\u00e3o, que espero que tenho sido de v\u00e2ndalos e n\u00e3o de advers\u00e1rios pol\u00edticos, que durante esta semana estiveram ocupando as redes sociais de maneira oportunista\u201d, afirmou.<\/p>\n<p>Arthur Augusto disse que aguarda as investiga\u00e7\u00f5es. \u201dVamos aguardar a PM [Pol\u00edcia Militar] e a per\u00edcia investigarem o que houve e punirem os culpados pelo ataque.\u201d<img decoding=\"async\" loading=\"lazy\" class=\"alignnone size-full wp-image-32052\" src=\"http:\/\/blitzconquista.com.br\/wp-content\/uploads\/2015\/01\/agencia_brasil_logo.png\" alt=\"agencia_brasil_logo\" width=\"130\" height=\"27\" \/><\/p>\n","protected":false},"excerpt":{"rendered":"<p>O PT confirmou, em nota, que a sede do partido em Jundia\u00ed, S\u00e3o Paulo, sofreu um atentado a bomba, provavelmente tipo molotov, que causou estragos em uma sala, queimando documentos, cortinas, mesas e cadeiras. De acordo com a pol\u00edcia, atearam fogo no im\u00f3vel ap\u00f3s o fim das manifesta\u00e7\u00f5es contra o governo federal na cidade. O [&hellip;]<\/p>\n","protected":false},"author":1,"featured_media":0,"comment_status":"open","ping_status":"closed","sticky":false,"template":"","format":"standard","meta":[],"categories":[5],"tags":[],"_links":{"self":[{"href":"http:\/\/blitzconquista.com.br\/index.php?rest_route=\/wp\/v2\/posts\/34431"}],"collection":[{"href":"http:\/\/blitzconquista.com.br\/index.php?rest_route=\/wp\/v2\/posts"}],"about":[{"href":"http:\/\/blitzconquista.com.br\/index.php?rest_route=\/wp\/v2\/types\/post"}],"author":[{"embeddable":true,"href":"http:\/\/blitzconquista.com.br\/index.php?rest_route=\/wp\/v2\/users\/1"}],"replies":[{"embeddable":true,"href":"http:\/\/blitzconquista.com.br\/index.php?rest_route=%2Fwp%2Fv2%2Fcomments&post=34431"}],"version-history":[{"count":0,"href":"http:\/\/blitzconquista.com.br\/index.php?rest_route=\/wp\/v2\/posts\/34431\/revisions"}],"wp:attachment":[{"href":"http:\/\/blitzconquista.com.br\/index.php?rest_route=%2Fwp%2Fv2%2Fmedia&parent=34431"}],"wp:term":[{"taxonomy":"category","embeddable":true,"href":"http:\/\/blitzconquista.com.br\/index.php?rest_route=%2Fwp%2Fv2%2Fcategories&post=34431"},{"taxonomy":"post_tag","embeddable":true,"href":"http:\/\/blitzconquista.com.br\/index.php?rest_route=%2Fwp%2Fv2%2Ftags&post=34431"}],"curies":[{"name":"wp","href":"https:\/\/api.w.org\/{rel}","templated":true}]}}