{"id":34461,"date":"2015-03-16T15:41:30","date_gmt":"2015-03-16T18:41:30","guid":{"rendered":"http:\/\/blitzconquista.com.br\/?p=34461"},"modified":"2015-03-16T15:42:08","modified_gmt":"2015-03-16T18:42:08","slug":"com-r-27-bilhoes-anuais-bolsa-familia-nao-sofrera-com-ajuste-diz-ministra","status":"publish","type":"post","link":"http:\/\/blitzconquista.com.br\/?p=34461","title":{"rendered":"Com R$ 27 bilh\u00f5es anuais, Bolsa Fam\u00edlia n\u00e3o sofrer\u00e1 com ajuste, diz ministra"},"content":{"rendered":"<p>O Programa Bolsa Fam\u00edlia n\u00e3o sofrer\u00e1 com o ajuste fiscal proposto pela \u00e1rea econ\u00f4mica do governo federal para este ano, segundo a ministra do Desenvolvimento Social e Combate \u00e0 Fome, Tereza Campello. Ela explica que o custo anual do programa, que atende a cerca de 14 milh\u00f5es de fam\u00edlias, \u00e9 R$ 27 bilh\u00f5es.<\/p>\n<p>\u201cIsso d\u00e1 menos de 0,5% do PIB [Produto Interno Bruto, que \u00e9 a soma de todos os bens e servi\u00e7os produzidos no pa\u00eds]. Com menos de 0,5% do PIB, complementa-se a renda de 14 milh\u00f5es de fam\u00edlias. O Bolsa Fam\u00edlia n\u00e3o substitui o sal\u00e1rio, ele \u00e9 um complemento que d\u00e1, em m\u00e9dia, R$ 170 por fam\u00edlia\u201d, disse a ministra.<\/p>\n<p>Segundo ela, no entanto, apesar de o ajuste fiscal n\u00e3o prever um corte de verbas no Bolsa Fam\u00edlia, o Minist\u00e9rio do Desenvolvimento Social, respons\u00e1vel pelo programa, tem buscado reduzir seus gastos de outra forma.<\/p>\n<p>\u201cEstamos fazendo no governo todo um esfor\u00e7o para atravessar esse momento de crise, que n\u00e3o \u00e9 s\u00f3 do Brasil, \u00e9 internacional. N\u00f3s estamos tentando, ao m\u00e1ximo, reduzir despesas. Sempre \u00e9 poss\u00edvel ser mais eficiente no gasto. Estamos reduzindo publica\u00e7\u00f5es, tentando gastar menos com di\u00e1rias e passagens. Mas o Bolsa Fam\u00edlia e os direitos da popula\u00e7\u00e3o pobre est\u00e3o garantidos\u201d, disse.<\/p>\n<p>A ministra participou da abertura do Encontro Regional do Colegiado Nacional de Gestores Municipais de Assist\u00eancia Social (Congemas) no Sudeste. O evento re\u00fane, hoje e amanh\u00e3, em Niter\u00f3i, no Grande Rio, t\u00e9cnicos e gestores de prefeituras da regi\u00e3o para propor melhorias na gest\u00e3o de programas, a\u00e7\u00f5es e servi\u00e7os do Sistema \u00danico de Assist\u00eancia Social (Suas).<\/p>\n<p><img decoding=\"async\" loading=\"lazy\" class=\"alignnone size-full wp-image-32052\" src=\"http:\/\/blitzconquista.com.br\/wp-content\/uploads\/2015\/01\/agencia_brasil_logo.png\" alt=\"agencia_brasil_logo\" width=\"130\" height=\"27\" \/><\/p>\n","protected":false},"excerpt":{"rendered":"<p>O Programa Bolsa Fam\u00edlia n\u00e3o sofrer\u00e1 com o ajuste fiscal proposto pela \u00e1rea econ\u00f4mica do governo federal para este ano, segundo a ministra do Desenvolvimento Social e Combate \u00e0 Fome, Tereza Campello. Ela explica que o custo anual do programa, que atende a cerca de 14 milh\u00f5es de fam\u00edlias, \u00e9 R$ 27 bilh\u00f5es. \u201cIsso d\u00e1 [&hellip;]<\/p>\n","protected":false},"author":1,"featured_media":32053,"comment_status":"open","ping_status":"closed","sticky":false,"template":"","format":"standard","meta":[],"categories":[5],"tags":[],"_links":{"self":[{"href":"http:\/\/blitzconquista.com.br\/index.php?rest_route=\/wp\/v2\/posts\/34461"}],"collection":[{"href":"http:\/\/blitzconquista.com.br\/index.php?rest_route=\/wp\/v2\/posts"}],"about":[{"href":"http:\/\/blitzconquista.com.br\/index.php?rest_route=\/wp\/v2\/types\/post"}],"author":[{"embeddable":true,"href":"http:\/\/blitzconquista.com.br\/index.php?rest_route=\/wp\/v2\/users\/1"}],"replies":[{"embeddable":true,"href":"http:\/\/blitzconquista.com.br\/index.php?rest_route=%2Fwp%2Fv2%2Fcomments&post=34461"}],"version-history":[{"count":0,"href":"http:\/\/blitzconquista.com.br\/index.php?rest_route=\/wp\/v2\/posts\/34461\/revisions"}],"wp:featuredmedia":[{"embeddable":true,"href":"http:\/\/blitzconquista.com.br\/index.php?rest_route=\/wp\/v2\/media\/32053"}],"wp:attachment":[{"href":"http:\/\/blitzconquista.com.br\/index.php?rest_route=%2Fwp%2Fv2%2Fmedia&parent=34461"}],"wp:term":[{"taxonomy":"category","embeddable":true,"href":"http:\/\/blitzconquista.com.br\/index.php?rest_route=%2Fwp%2Fv2%2Fcategories&post=34461"},{"taxonomy":"post_tag","embeddable":true,"href":"http:\/\/blitzconquista.com.br\/index.php?rest_route=%2Fwp%2Fv2%2Ftags&post=34461"}],"curies":[{"name":"wp","href":"https:\/\/api.w.org\/{rel}","templated":true}]}}