{"id":34476,"date":"2015-03-16T22:38:20","date_gmt":"2015-03-17T01:38:20","guid":{"rendered":"http:\/\/blitzconquista.com.br\/?p=34476"},"modified":"2015-03-16T22:38:44","modified_gmt":"2015-03-17T01:38:44","slug":"sistema-de-estacionamento-rotativo-comecou-a-operar-nessa-segunda","status":"publish","type":"post","link":"http:\/\/blitzconquista.com.br\/?p=34476","title":{"rendered":"Sistema de estacionamento rotativo come\u00e7ou a operar nessa segunda"},"content":{"rendered":"<p>Zona Azul, o sistema respons\u00e1vel por operar e administrar o sistema de estacionamento rotativo pago para ve\u00edculos em ruas p\u00fablicas da \u00e1rea central de Vit\u00f3ria da Conquista, come\u00e7ou a operar a partir desta segunda-feira, 16. A partir dessa data, num prazo de 30 dias, a empresa que vai operar o sistema estar\u00e1 realizando os ajustes necess\u00e1rios e orientando a popula\u00e7\u00e3o. Somente ap\u00f3s estes 30 dias, para uso dos pontos de estacionamento urbano, o usu\u00e1rio pagar\u00e1 uma taxa de R$ 2,70 \u2013 equivalente por 2 horas. No caso de per\u00edodos menores, a partir de 20 minutos, o usu\u00e1rio poder\u00e1 pagar de forma proporcional. Em vagas destinadas a motocicletas, a tarifa ser\u00e1 de 30% do valor cobrado pelos motoristas. Ou seja, R$ 0,81 \u2013 tamb\u00e9m por 2 horas. Idosos e condutores de ve\u00edculos de carga t\u00eam suas vagas demarcadas e tamb\u00e9m dever\u00e3o efetuar o pagamento e obedecer \u00e0 rotatividade. Estar\u00e3o isentos da taxa os deficientes f\u00edsicos. Se o cidad\u00e3o descumprir as regras, como ultrapassar o tempo m\u00e1ximo de estacionamento, ser\u00e1 autuado pelos agentes municipais de tr\u00e2nsito e o ve\u00edculo poder\u00e1 ser removido, em conformidade com o C\u00f3digo de Tr\u00e2nsito Brasileiro. H\u00e1 \u00e1reas demarcadas especificamente para esse grupo. A Zona Azul funcionar\u00e1 das 8h \u00e0s 18h, nos dias \u00fateis e das 8h \u00e0s 13h, nos s\u00e1bados.<\/p>\n<p><img decoding=\"async\" loading=\"lazy\" class=\" size-full wp-image-34477 aligncenter\" src=\"http:\/\/blitzconquista.com.br\/wp-content\/uploads\/2015\/03\/zona-azul.jpg\" alt=\"zona azul\" width=\"680\" height=\"988\" srcset=\"http:\/\/blitzconquista.com.br\/wp-content\/uploads\/2015\/03\/zona-azul.jpg 680w, http:\/\/blitzconquista.com.br\/wp-content\/uploads\/2015\/03\/zona-azul-206x300.jpg 206w, http:\/\/blitzconquista.com.br\/wp-content\/uploads\/2015\/03\/zona-azul-344x500.jpg 344w\" sizes=\"(max-width: 680px) 100vw, 680px\" \/><\/p>\n","protected":false},"excerpt":{"rendered":"<p>Zona Azul, o sistema respons\u00e1vel por operar e administrar o sistema de estacionamento rotativo pago para ve\u00edculos em ruas p\u00fablicas da \u00e1rea central de Vit\u00f3ria da Conquista, come\u00e7ou a operar a partir desta segunda-feira, 16. A partir dessa data, num prazo de 30 dias, a empresa que vai operar o sistema estar\u00e1 realizando os ajustes [&hellip;]<\/p>\n","protected":false},"author":1,"featured_media":34478,"comment_status":"open","ping_status":"closed","sticky":false,"template":"","format":"standard","meta":[],"categories":[7],"tags":[],"_links":{"self":[{"href":"http:\/\/blitzconquista.com.br\/index.php?rest_route=\/wp\/v2\/posts\/34476"}],"collection":[{"href":"http:\/\/blitzconquista.com.br\/index.php?rest_route=\/wp\/v2\/posts"}],"about":[{"href":"http:\/\/blitzconquista.com.br\/index.php?rest_route=\/wp\/v2\/types\/post"}],"author":[{"embeddable":true,"href":"http:\/\/blitzconquista.com.br\/index.php?rest_route=\/wp\/v2\/users\/1"}],"replies":[{"embeddable":true,"href":"http:\/\/blitzconquista.com.br\/index.php?rest_route=%2Fwp%2Fv2%2Fcomments&post=34476"}],"version-history":[{"count":0,"href":"http:\/\/blitzconquista.com.br\/index.php?rest_route=\/wp\/v2\/posts\/34476\/revisions"}],"wp:featuredmedia":[{"embeddable":true,"href":"http:\/\/blitzconquista.com.br\/index.php?rest_route=\/wp\/v2\/media\/34478"}],"wp:attachment":[{"href":"http:\/\/blitzconquista.com.br\/index.php?rest_route=%2Fwp%2Fv2%2Fmedia&parent=34476"}],"wp:term":[{"taxonomy":"category","embeddable":true,"href":"http:\/\/blitzconquista.com.br\/index.php?rest_route=%2Fwp%2Fv2%2Fcategories&post=34476"},{"taxonomy":"post_tag","embeddable":true,"href":"http:\/\/blitzconquista.com.br\/index.php?rest_route=%2Fwp%2Fv2%2Ftags&post=34476"}],"curies":[{"name":"wp","href":"https:\/\/api.w.org\/{rel}","templated":true}]}}