{"id":34559,"date":"2015-03-25T01:37:18","date_gmt":"2015-03-25T04:37:18","guid":{"rendered":"http:\/\/blitzconquista.com.br\/?p=34559"},"modified":"2015-03-25T01:37:18","modified_gmt":"2015-03-25T04:37:18","slug":"senado-aprova-fim-das-coligacoes-partidarias-em-eleicoes-proporcionais","status":"publish","type":"post","link":"http:\/\/blitzconquista.com.br\/?p=34559","title":{"rendered":"Senado aprova fim das coliga\u00e7\u00f5es partid\u00e1rias em elei\u00e7\u00f5es proporcionais"},"content":{"rendered":"<p>O Senado aprovou hoje (24), em segundo turno, a Proposta de Emenda \u00e0 Constitui\u00e7\u00e3o 40, que acaba com as coliga\u00e7\u00f5es eleitorais em elei\u00e7\u00f5es proporcionais, permitindo que elas ocorram apenas para as majorit\u00e1rias. A PEC \u00e9 um dos principais temas da reforma pol\u00edtica.<\/p>\n<p>Na pr\u00e1tica, a proposta estabelece que os partidos s\u00f3 poder\u00e3o se coligar em elei\u00e7\u00f5es para cargos do Executivo \u2013 federal, estadual e municipal \u2013 e para o Senado. Portanto, ficam proibidas as coliga\u00e7\u00f5es para disputas \u00e0 C\u00e2mara dos Deputados, assembleias legislativas, C\u00e2mara Legislativa do Distrito Federal e c\u00e2maras de Vereadores.<\/p>\n<p>N\u00e3o ser\u00e1 mais poss\u00edvel, por exemplo, que dois partidos que n\u00e3o alcan\u00e7aram o n\u00famero necess\u00e1rio de votos para atingir o coeficiente eleitoral se unam para eleger um candidato. A PEC tamb\u00e9m impede que, durante o afastamento de um parlamentar, o suplente convocado seja de outro partido.<\/p>\n<p>A proposta tinha sido aprovada em primeiro turno no \u00faltimo dia 10. A mat\u00e9ria segue para a C\u00e2mara dos Deputados, onde tamb\u00e9m ter\u00e1 de ser aprovada em dois turnos, com maioria qualificada, ou seja, pelo menos 308 deputados precisam votar a favor. Se o texto sofrer altera\u00e7\u00f5es na C\u00e2mara, retornar\u00e1 ao Senado para \u00faltima an\u00e1lise.<\/p>\n<p><img decoding=\"async\" loading=\"lazy\" class=\"alignnone size-full wp-image-32052\" src=\"http:\/\/blitzconquista.com.br\/wp-content\/uploads\/2015\/01\/agencia_brasil_logo.png\" alt=\"agencia_brasil_logo\" width=\"130\" height=\"27\" \/><\/p>\n","protected":false},"excerpt":{"rendered":"<p>O Senado aprovou hoje (24), em segundo turno, a Proposta de Emenda \u00e0 Constitui\u00e7\u00e3o 40, que acaba com as coliga\u00e7\u00f5es eleitorais em elei\u00e7\u00f5es proporcionais, permitindo que elas ocorram apenas para as majorit\u00e1rias. A PEC \u00e9 um dos principais temas da reforma pol\u00edtica. Na pr\u00e1tica, a proposta estabelece que os partidos s\u00f3 poder\u00e3o se coligar em [&hellip;]<\/p>\n","protected":false},"author":1,"featured_media":33386,"comment_status":"open","ping_status":"closed","sticky":false,"template":"","format":"standard","meta":[],"categories":[5],"tags":[],"_links":{"self":[{"href":"http:\/\/blitzconquista.com.br\/index.php?rest_route=\/wp\/v2\/posts\/34559"}],"collection":[{"href":"http:\/\/blitzconquista.com.br\/index.php?rest_route=\/wp\/v2\/posts"}],"about":[{"href":"http:\/\/blitzconquista.com.br\/index.php?rest_route=\/wp\/v2\/types\/post"}],"author":[{"embeddable":true,"href":"http:\/\/blitzconquista.com.br\/index.php?rest_route=\/wp\/v2\/users\/1"}],"replies":[{"embeddable":true,"href":"http:\/\/blitzconquista.com.br\/index.php?rest_route=%2Fwp%2Fv2%2Fcomments&post=34559"}],"version-history":[{"count":0,"href":"http:\/\/blitzconquista.com.br\/index.php?rest_route=\/wp\/v2\/posts\/34559\/revisions"}],"wp:featuredmedia":[{"embeddable":true,"href":"http:\/\/blitzconquista.com.br\/index.php?rest_route=\/wp\/v2\/media\/33386"}],"wp:attachment":[{"href":"http:\/\/blitzconquista.com.br\/index.php?rest_route=%2Fwp%2Fv2%2Fmedia&parent=34559"}],"wp:term":[{"taxonomy":"category","embeddable":true,"href":"http:\/\/blitzconquista.com.br\/index.php?rest_route=%2Fwp%2Fv2%2Fcategories&post=34559"},{"taxonomy":"post_tag","embeddable":true,"href":"http:\/\/blitzconquista.com.br\/index.php?rest_route=%2Fwp%2Fv2%2Ftags&post=34559"}],"curies":[{"name":"wp","href":"https:\/\/api.w.org\/{rel}","templated":true}]}}