{"id":34564,"date":"2015-03-25T01:42:38","date_gmt":"2015-03-25T04:42:38","guid":{"rendered":"http:\/\/blitzconquista.com.br\/?p=34564"},"modified":"2015-03-25T01:42:38","modified_gmt":"2015-03-25T04:42:38","slug":"prefeitura-entrega-estadio-municipal-edvaldo-flores-totalmente-revitalizado-nesse-sabado-28","status":"publish","type":"post","link":"http:\/\/blitzconquista.com.br\/?p=34564","title":{"rendered":"Prefeitura entrega Est\u00e1dio Municipal Edvaldo Flores totalmente revitalizado nesse s\u00e1bado, 28"},"content":{"rendered":"<p><strong>A cerim\u00f4nia acontece \u00e0s 10h e contar\u00e1 com uma partida festiva com ex-jogadores da cidade<\/strong><br \/>\nPalco de diversas hist\u00f3rias do futebol conquistense na d\u00e9cada de 1950, o Est\u00e1dio Municipal Edvaldo Flores \u00e9 um dos mais antigos equipamentos esportivos de Vit\u00f3ria da Conquista. Por esse motivo, ele ocupa um lugar especial no cora\u00e7\u00e3o e na mem\u00f3ria dos conquistenses.<\/p>\n<p>Por isso, a Prefeitura de Vit\u00f3ria da Conquista, por meio da Secretaria Municipal de Cultura, Turismo, Esporte e Lazer, revitalizou o est\u00e1dio. Foram investidos cerca de R$ 2 milh\u00f5es de recursos pr\u00f3prios na obra, que abrangeu, entre outras interven\u00e7\u00f5es, instala\u00e7\u00e3o de 8,2 mil metros quadrados de grama sint\u00e9tica.<\/p>\n<p>A solenidade de entrega acontece nesse s\u00e1bado, 28, \u00e0s 10h. Participar\u00e3o da atividade, o prefeito Guilherme Menezes, membros dos poderes Executivo e Legislativo, esportistas e sociedade civil. Ainda na oportunidade acontecer\u00e1 uma partida festiva com os ex-jogadores da cidade. A equipe do Esporte Clube Primeiro Passo tamb\u00e9m participar\u00e1 do evento. *Secom<\/p>\n","protected":false},"excerpt":{"rendered":"<p>A cerim\u00f4nia acontece \u00e0s 10h e contar\u00e1 com uma partida festiva com ex-jogadores da cidade Palco de diversas hist\u00f3rias do futebol conquistense na d\u00e9cada de 1950, o Est\u00e1dio Municipal Edvaldo Flores \u00e9 um dos mais antigos equipamentos esportivos de Vit\u00f3ria da Conquista. Por esse motivo, ele ocupa um lugar especial no cora\u00e7\u00e3o e na mem\u00f3ria [&hellip;]<\/p>\n","protected":false},"author":1,"featured_media":34565,"comment_status":"open","ping_status":"closed","sticky":false,"template":"","format":"standard","meta":[],"categories":[1],"tags":[],"_links":{"self":[{"href":"http:\/\/blitzconquista.com.br\/index.php?rest_route=\/wp\/v2\/posts\/34564"}],"collection":[{"href":"http:\/\/blitzconquista.com.br\/index.php?rest_route=\/wp\/v2\/posts"}],"about":[{"href":"http:\/\/blitzconquista.com.br\/index.php?rest_route=\/wp\/v2\/types\/post"}],"author":[{"embeddable":true,"href":"http:\/\/blitzconquista.com.br\/index.php?rest_route=\/wp\/v2\/users\/1"}],"replies":[{"embeddable":true,"href":"http:\/\/blitzconquista.com.br\/index.php?rest_route=%2Fwp%2Fv2%2Fcomments&post=34564"}],"version-history":[{"count":0,"href":"http:\/\/blitzconquista.com.br\/index.php?rest_route=\/wp\/v2\/posts\/34564\/revisions"}],"wp:featuredmedia":[{"embeddable":true,"href":"http:\/\/blitzconquista.com.br\/index.php?rest_route=\/wp\/v2\/media\/34565"}],"wp:attachment":[{"href":"http:\/\/blitzconquista.com.br\/index.php?rest_route=%2Fwp%2Fv2%2Fmedia&parent=34564"}],"wp:term":[{"taxonomy":"category","embeddable":true,"href":"http:\/\/blitzconquista.com.br\/index.php?rest_route=%2Fwp%2Fv2%2Fcategories&post=34564"},{"taxonomy":"post_tag","embeddable":true,"href":"http:\/\/blitzconquista.com.br\/index.php?rest_route=%2Fwp%2Fv2%2Ftags&post=34564"}],"curies":[{"name":"wp","href":"https:\/\/api.w.org\/{rel}","templated":true}]}}