{"id":34596,"date":"2015-03-30T08:12:03","date_gmt":"2015-03-30T11:12:03","guid":{"rendered":"http:\/\/blitzconquista.com.br\/?p=34596"},"modified":"2015-03-30T12:18:51","modified_gmt":"2015-03-30T15:18:51","slug":"governo-municipal-entrega-estadio-edvaldo-flores-apos-trabalho-de-revitalizacao","status":"publish","type":"post","link":"http:\/\/blitzconquista.com.br\/?p=34596","title":{"rendered":"Governo Municipal entrega Est\u00e1dio Edvaldo Flores ap\u00f3s trabalho de revitaliza\u00e7\u00e3o"},"content":{"rendered":"<p><strong>A reforma transformou o est\u00e1dio num dos espa\u00e7os esportivos mais modernos e agrad\u00e1veis da Bahia<\/strong><\/p>\n<p>\u201cVit\u00f3ria da Conquista est\u00e1 de parab\u00e9ns, porque \u00e9 uma cidade que reverencia sua mem\u00f3ria e respeita o seu passado\u201d, disse o prefeito Guilherme Menezes no in\u00edcio da tarde de s\u00e1bado, 28, pouco antes de descerrar a placa de reinaugura\u00e7\u00e3o do Est\u00e1dio Municipal Edvaldo Flores. O equipamento foi revitalizado por meio de um investimento de cerca de R$ 2 milh\u00f5es, vindos dos recursos do Munic\u00edpio.<\/p>\n<p>Ao optar pela reforma completa do espa\u00e7o, o Governo Municipal preservou duplamente a mem\u00f3ria citada pelo prefeito: a do pr\u00f3prio est\u00e1dio, que \u00e9 o equipamento esportivo mais antigo da cidade, e a do ex-prefeito Edvaldo Flores, que o inaugurou em 1958. \u201cO est\u00e1dio est\u00e1 entregue novamente, com todas essas homenagens absolutamente leg\u00edtimas\u201d, afirmou Guilherme.<\/p>\n<p><img decoding=\"async\" loading=\"lazy\" class=\" size-full wp-image-34599 aligncenter\" src=\"http:\/\/blitzconquista.com.br\/wp-content\/uploads\/2015\/03\/16770698108_b1db428216_z.jpg\" alt=\"16770698108_b1db428216_z\" width=\"640\" height=\"427\" srcset=\"http:\/\/blitzconquista.com.br\/wp-content\/uploads\/2015\/03\/16770698108_b1db428216_z.jpg 640w, http:\/\/blitzconquista.com.br\/wp-content\/uploads\/2015\/03\/16770698108_b1db428216_z-300x200.jpg 300w\" sizes=\"(max-width: 640px) 100vw, 640px\" \/><\/p>\n<p>\u2018Oferecendo lazer\u2019 \u2013 O trabalho de reforma foi complexo. O campo, um dos maiores da Bahia, com \u00e1rea de jogo medindo 100 por 70 metros, agora ostenta um vistoso tapete com 8,2 mil metros quadrados de grama sint\u00e9tica, equipado com um moderno sistema de drenagem nas laterais. Os antigos alambrados foram substitu\u00eddos por outros novos, com tr\u00eas metros de altura. Al\u00e9m disso, houve pintura, instala\u00e7\u00e3o de novos port\u00f5es de acesso e bilheteria, amplia\u00e7\u00e3o da arquibancada, melhorias nos vesti\u00e1rios e na ilumina\u00e7\u00e3o e implanta\u00e7\u00e3o de uma pista para a pr\u00e1tica de caminhadas e corridas, ao redor do campo.<\/p>\n<p>A quadra foi recuperada e o est\u00e1dio ganhou um sistema de para-raios, al\u00e9m de estrutura para combate a inc\u00eandio. Uma sala, localizada na \u00e1rea externa, agora \u00e9 destinada \u00e0 pr\u00e1tica de esportes como jud\u00f4, capoeira, karat\u00ea e jiu-jitsu. O nome do espa\u00e7o \u2013 Rodrigo Vieira Silva \u2013 \u00e9 uma homenagem p\u00f3stuma ao judoca falecido em julho de 2012 e que ministrava aulas de jud\u00f4 no Edvaldo Flores.<\/p>\n<p>A nova estrutura mereceu elogios do presidente da Federa\u00e7\u00e3o Bahiana de Futebol, Edinaldo Gomes. \u201cNesse per\u00edodo todo, quando ainda n\u00e3o estava restaurado, nunca deixei de vir visitar o Est\u00e1dio Edvaldo Flores. E agora, virei com muito mais prazer. Al\u00e9m da parte esportiva, o Governo Municipal ofereceu lazer para todo esse bairro e para toda a cidade de Vit\u00f3ria da Conquista com esse equipamento totalmente reformado\u201d, disse o dirigente.<\/p>\n<p><img decoding=\"async\" loading=\"lazy\" class=\" size-full wp-image-34597 aligncenter\" src=\"http:\/\/blitzconquista.com.br\/wp-content\/uploads\/2015\/03\/16958567685_92569eb32e_z.jpg\" alt=\"16958567685_92569eb32e_z\" width=\"640\" height=\"427\" srcset=\"http:\/\/blitzconquista.com.br\/wp-content\/uploads\/2015\/03\/16958567685_92569eb32e_z.jpg 640w, http:\/\/blitzconquista.com.br\/wp-content\/uploads\/2015\/03\/16958567685_92569eb32e_z-300x200.jpg 300w\" sizes=\"(max-width: 640px) 100vw, 640px\" \/><\/p>\n<p>\u2018Resgate do esporte\u2019 \u2013 Segundo o vereador Coriolano Moraes, o trabalho de recupera\u00e7\u00e3o do est\u00e1dio foi al\u00e9m da valoriza\u00e7\u00e3o da mem\u00f3ria. \u201c\u00c9 o resgate do esporte em Vit\u00f3ria da Conquista, com investimentos que buscam dignificar o ser humano, uma vez que a educa\u00e7\u00e3o transcende a atividade da sala de aula e envolve a cultura e o lazer\u201d, observou o parlamentar. \u201cCom o Edvaldo Flores, com o \u2018Muril\u00e3o\u2019 bonito como est\u00e1, com muitas pra\u00e7as sendo recuperadas, o esporte passa a fazer parte das agendas de final de semana da popula\u00e7\u00e3o\u201d, finalizou.<\/p>\n<p>A Mesa da cerim\u00f4nia de entrega integrou representantes de diversos setores, como os deputados estaduais Afonso Florence e Ant\u00f4nio Brito, familiares do ex-prefeito Edvaldo Flores e do judoca Rodrigo Vieira da Silva, ex-jogadores que passaram pelo campo do est\u00e1dio, vereadores e o secret\u00e1rio municipal de Cultura, Turismo, Esporte e Lazer, Nagib Barroso. *Secom<\/p>\n","protected":false},"excerpt":{"rendered":"<p>A reforma transformou o est\u00e1dio num dos espa\u00e7os esportivos mais modernos e agrad\u00e1veis da Bahia \u201cVit\u00f3ria da Conquista est\u00e1 de parab\u00e9ns, porque \u00e9 uma cidade que reverencia sua mem\u00f3ria e respeita o seu passado\u201d, disse o prefeito Guilherme Menezes no in\u00edcio da tarde de s\u00e1bado, 28, pouco antes de descerrar a placa de reinaugura\u00e7\u00e3o do [&hellip;]<\/p>\n","protected":false},"author":1,"featured_media":34598,"comment_status":"open","ping_status":"closed","sticky":false,"template":"","format":"standard","meta":[],"categories":[5],"tags":[],"_links":{"self":[{"href":"http:\/\/blitzconquista.com.br\/index.php?rest_route=\/wp\/v2\/posts\/34596"}],"collection":[{"href":"http:\/\/blitzconquista.com.br\/index.php?rest_route=\/wp\/v2\/posts"}],"about":[{"href":"http:\/\/blitzconquista.com.br\/index.php?rest_route=\/wp\/v2\/types\/post"}],"author":[{"embeddable":true,"href":"http:\/\/blitzconquista.com.br\/index.php?rest_route=\/wp\/v2\/users\/1"}],"replies":[{"embeddable":true,"href":"http:\/\/blitzconquista.com.br\/index.php?rest_route=%2Fwp%2Fv2%2Fcomments&post=34596"}],"version-history":[{"count":0,"href":"http:\/\/blitzconquista.com.br\/index.php?rest_route=\/wp\/v2\/posts\/34596\/revisions"}],"wp:featuredmedia":[{"embeddable":true,"href":"http:\/\/blitzconquista.com.br\/index.php?rest_route=\/wp\/v2\/media\/34598"}],"wp:attachment":[{"href":"http:\/\/blitzconquista.com.br\/index.php?rest_route=%2Fwp%2Fv2%2Fmedia&parent=34596"}],"wp:term":[{"taxonomy":"category","embeddable":true,"href":"http:\/\/blitzconquista.com.br\/index.php?rest_route=%2Fwp%2Fv2%2Fcategories&post=34596"},{"taxonomy":"post_tag","embeddable":true,"href":"http:\/\/blitzconquista.com.br\/index.php?rest_route=%2Fwp%2Fv2%2Ftags&post=34596"}],"curies":[{"name":"wp","href":"https:\/\/api.w.org\/{rel}","templated":true}]}}