{"id":34601,"date":"2015-03-30T09:26:28","date_gmt":"2015-03-30T12:26:28","guid":{"rendered":"http:\/\/blitzconquista.com.br\/?p=34601"},"modified":"2015-03-30T12:33:14","modified_gmt":"2015-03-30T15:33:14","slug":"anel-viario-de-conquista-segunda-carreta-tomba-em-pouco-mais-de-uma-semana","status":"publish","type":"post","link":"http:\/\/blitzconquista.com.br\/?p=34601","title":{"rendered":"Anel Vi\u00e1rio de Conquista: segunda carreta tomba em pouco mais de uma semana"},"content":{"rendered":"<p>Por volta das 10h da manh\u00e3 deste domingo (29), mais uma carreta tombou no Anel Vi\u00e1rio de Vit\u00f3ria da Conquista. O ve\u00edculo, um bitrem tanque, transportava uma carga inflam\u00e1vel que se incendiou gerando perigo de uma explos\u00e3o. O condutor ficou ferido e foi conduzido a um hospital da cidade.<\/p>\n<p><img decoding=\"async\" loading=\"lazy\" class=\"  wp-image-34603 aligncenter\" src=\"http:\/\/blitzconquista.com.br\/wp-content\/uploads\/2015\/03\/Tombamento-Anel-Vi\u00e1rio-Blog-Transitar-3.jpg\" alt=\"Tombamento-Anel-Vi\u00e1rio-Blog-Transitar-3\" width=\"635\" height=\"476\" srcset=\"http:\/\/blitzconquista.com.br\/wp-content\/uploads\/2015\/03\/Tombamento-Anel-Vi\u00e1rio-Blog-Transitar-3.jpg 640w, http:\/\/blitzconquista.com.br\/wp-content\/uploads\/2015\/03\/Tombamento-Anel-Vi\u00e1rio-Blog-Transitar-3-300x225.jpg 300w\" sizes=\"(max-width: 635px) 100vw, 635px\" \/><br \/>\nEste \u00e9 o segundo caso em pouco mais de uma semana. O corpo de Bombeiros e at\u00e9 um caminh\u00e3o pipa da prefeitura trabalharam para debelar as chamas, enquanto agentes da VIABAHIA controlavam o fluxo intenso e a Pol\u00edcia Rodovi\u00e1ria Federal registrava a ocorr\u00eancia.<\/p>\n<p><img decoding=\"async\" loading=\"lazy\" class=\" size-full wp-image-34604 aligncenter\" src=\"http:\/\/blitzconquista.com.br\/wp-content\/uploads\/2015\/03\/Tombamento-Anel-Vi\u00e1rio-Blog-Transitar-21.jpg\" alt=\"Tombamento-Anel-Vi\u00e1rio-Blog-Transitar-21\" width=\"640\" height=\"480\" srcset=\"http:\/\/blitzconquista.com.br\/wp-content\/uploads\/2015\/03\/Tombamento-Anel-Vi\u00e1rio-Blog-Transitar-21.jpg 640w, http:\/\/blitzconquista.com.br\/wp-content\/uploads\/2015\/03\/Tombamento-Anel-Vi\u00e1rio-Blog-Transitar-21-300x225.jpg 300w\" sizes=\"(max-width: 640px) 100vw, 640px\" \/><br \/>\nEm nove meses este \u00e9 o quarto caso de tombamento no local. A concession\u00e1ria respons\u00e1vel pela rodovia enviou nota ao Blog Transitar, informando que o trecho atende todas as normas t\u00e9cnicas, enquanto seguem os questionamentos sobre inclina\u00e7\u00e3o e \u00e2ngulo da al\u00e7a e sua pista de acelera\u00e7\u00e3o.<\/p>\n<p><img decoding=\"async\" loading=\"lazy\" class=\"alignnone size-full wp-image-32183\" src=\"http:\/\/blitzconquista.com.br\/wp-content\/uploads\/2015\/01\/transitar.jpg\" alt=\"transitar\" width=\"200\" height=\"70\" \/><\/p>\n","protected":false},"excerpt":{"rendered":"<p>Por volta das 10h da manh\u00e3 deste domingo (29), mais uma carreta tombou no Anel Vi\u00e1rio de Vit\u00f3ria da Conquista. O ve\u00edculo, um bitrem tanque, transportava uma carga inflam\u00e1vel que se incendiou gerando perigo de uma explos\u00e3o. O condutor ficou ferido e foi conduzido a um hospital da cidade. Este \u00e9 o segundo caso em [&hellip;]<\/p>\n","protected":false},"author":1,"featured_media":34605,"comment_status":"open","ping_status":"closed","sticky":false,"template":"","format":"standard","meta":[],"categories":[7],"tags":[],"_links":{"self":[{"href":"http:\/\/blitzconquista.com.br\/index.php?rest_route=\/wp\/v2\/posts\/34601"}],"collection":[{"href":"http:\/\/blitzconquista.com.br\/index.php?rest_route=\/wp\/v2\/posts"}],"about":[{"href":"http:\/\/blitzconquista.com.br\/index.php?rest_route=\/wp\/v2\/types\/post"}],"author":[{"embeddable":true,"href":"http:\/\/blitzconquista.com.br\/index.php?rest_route=\/wp\/v2\/users\/1"}],"replies":[{"embeddable":true,"href":"http:\/\/blitzconquista.com.br\/index.php?rest_route=%2Fwp%2Fv2%2Fcomments&post=34601"}],"version-history":[{"count":0,"href":"http:\/\/blitzconquista.com.br\/index.php?rest_route=\/wp\/v2\/posts\/34601\/revisions"}],"wp:featuredmedia":[{"embeddable":true,"href":"http:\/\/blitzconquista.com.br\/index.php?rest_route=\/wp\/v2\/media\/34605"}],"wp:attachment":[{"href":"http:\/\/blitzconquista.com.br\/index.php?rest_route=%2Fwp%2Fv2%2Fmedia&parent=34601"}],"wp:term":[{"taxonomy":"category","embeddable":true,"href":"http:\/\/blitzconquista.com.br\/index.php?rest_route=%2Fwp%2Fv2%2Fcategories&post=34601"},{"taxonomy":"post_tag","embeddable":true,"href":"http:\/\/blitzconquista.com.br\/index.php?rest_route=%2Fwp%2Fv2%2Ftags&post=34601"}],"curies":[{"name":"wp","href":"https:\/\/api.w.org\/{rel}","templated":true}]}}