{"id":34650,"date":"2015-04-01T00:21:30","date_gmt":"2015-04-01T03:21:30","guid":{"rendered":"http:\/\/blitzconquista.com.br\/?p=34650"},"modified":"2015-04-01T00:21:30","modified_gmt":"2015-04-01T03:21:30","slug":"governo-municipal-se-reune-com-comerciantes-da-praca-da-bandeira","status":"publish","type":"post","link":"http:\/\/blitzconquista.com.br\/?p=34650","title":{"rendered":"Governo Municipal se re\u00fane com comerciantes da pra\u00e7a da Bandeira"},"content":{"rendered":"<p>Na tarde desta segunda-feira, 30, a Administra\u00e7\u00e3o Municipal se reuniu com comerciantes da Pra\u00e7a da Bandeira para dialogar e esclarecer d\u00favidas acerca dos crit\u00e9rios utilizados para o sorteio dos boxes do Centro de Com\u00e9rcio Popular.<\/p>\n<p>O secret\u00e1rio de Administra\u00e7\u00e3o, Gild\u00e1sio Silveira, destacou a import\u00e2ncia do di\u00e1logo com a popula\u00e7\u00e3o e explicou que o Centro de Com\u00e9rcio Popular \u00e9 um espa\u00e7o destinado a comerciantes que est\u00e3o devidamente habilitados. \u201cO espa\u00e7o \u00e9 p\u00fablico e temos que ocup\u00e1-lo com o maior crit\u00e9rio poss\u00edvel, tudo com embasamento legal. Realizaremos reuni\u00f5es at\u00e9 acertar a situa\u00e7\u00e3o de todos os comerciantes\u201d.<\/p>\n<p>Nos pr\u00f3ximos dias, ser\u00e1 realizada mais uma reuni\u00e3o entre comerciantes e Governo Municipal para debater a respeito.<\/p>\n<p>Durante a reuni\u00e3o, estiveram presentes diversos representantes da Administra\u00e7\u00e3o Municipal, entre eles, a procuradora-geral do Munic\u00edpio, Luana Andrade e a presidente da Comiss\u00e3o de Ordenamento do Solo P\u00fablico,\u00a0Marivone Batista.<\/p>\n","protected":false},"excerpt":{"rendered":"<p>Na tarde desta segunda-feira, 30, a Administra\u00e7\u00e3o Municipal se reuniu com comerciantes da Pra\u00e7a da Bandeira para dialogar e esclarecer d\u00favidas acerca dos crit\u00e9rios utilizados para o sorteio dos boxes do Centro de Com\u00e9rcio Popular. O secret\u00e1rio de Administra\u00e7\u00e3o, Gild\u00e1sio Silveira, destacou a import\u00e2ncia do di\u00e1logo com a popula\u00e7\u00e3o e explicou que o Centro de [&hellip;]<\/p>\n","protected":false},"author":1,"featured_media":34651,"comment_status":"open","ping_status":"closed","sticky":false,"template":"","format":"standard","meta":[],"categories":[5],"tags":[],"_links":{"self":[{"href":"http:\/\/blitzconquista.com.br\/index.php?rest_route=\/wp\/v2\/posts\/34650"}],"collection":[{"href":"http:\/\/blitzconquista.com.br\/index.php?rest_route=\/wp\/v2\/posts"}],"about":[{"href":"http:\/\/blitzconquista.com.br\/index.php?rest_route=\/wp\/v2\/types\/post"}],"author":[{"embeddable":true,"href":"http:\/\/blitzconquista.com.br\/index.php?rest_route=\/wp\/v2\/users\/1"}],"replies":[{"embeddable":true,"href":"http:\/\/blitzconquista.com.br\/index.php?rest_route=%2Fwp%2Fv2%2Fcomments&post=34650"}],"version-history":[{"count":0,"href":"http:\/\/blitzconquista.com.br\/index.php?rest_route=\/wp\/v2\/posts\/34650\/revisions"}],"wp:featuredmedia":[{"embeddable":true,"href":"http:\/\/blitzconquista.com.br\/index.php?rest_route=\/wp\/v2\/media\/34651"}],"wp:attachment":[{"href":"http:\/\/blitzconquista.com.br\/index.php?rest_route=%2Fwp%2Fv2%2Fmedia&parent=34650"}],"wp:term":[{"taxonomy":"category","embeddable":true,"href":"http:\/\/blitzconquista.com.br\/index.php?rest_route=%2Fwp%2Fv2%2Fcategories&post=34650"},{"taxonomy":"post_tag","embeddable":true,"href":"http:\/\/blitzconquista.com.br\/index.php?rest_route=%2Fwp%2Fv2%2Ftags&post=34650"}],"curies":[{"name":"wp","href":"https:\/\/api.w.org\/{rel}","templated":true}]}}