{"id":34665,"date":"2015-04-01T18:32:33","date_gmt":"2015-04-01T21:32:33","guid":{"rendered":"http:\/\/blitzconquista.com.br\/?p=34665"},"modified":"2015-04-01T18:32:33","modified_gmt":"2015-04-01T21:32:33","slug":"semaforos-da-avenida-cuiaba-ja-estao-funcionando","status":"publish","type":"post","link":"http:\/\/blitzconquista.com.br\/?p=34665","title":{"rendered":"Sem\u00e1foros da Avenida Cuiab\u00e1 j\u00e1 est\u00e3o funcionando"},"content":{"rendered":"<p>Aten\u00e7\u00e3o motorista! Come\u00e7ou a operar em fase de teste, a partir dessa segunda-feira, 31, os sem\u00e1foros implantados pela Avenida Cuiab\u00e1, que faz a liga\u00e7\u00e3o entre a Avenida Fernando Sp\u00ednola e a Rua Santos Dumont. Os objetivos da instala\u00e7\u00e3o do sem\u00e1foro s\u00e3o melhorar a fluidez do tr\u00e2nsito e garantir a seguran\u00e7a de pedestres e condutores.<\/p>\n<p>A partir de agora, ser\u00e1 proibida a convers\u00e3o \u00e0 esquerda do motorista que vai subir a Rua Santos Dumont em dire\u00e7\u00e3o \u00e0 rodovi\u00e1ria. Tamb\u00e9m ser\u00e1 proibida a convers\u00e3o \u00e0 esquerda para o motorista que trafegar pela Avenida Integra\u00e7\u00e3o em dire\u00e7\u00e3o \u00e0 Fernando Sp\u00ednola. O retorno nesse caso, ser\u00e1 feito na pr\u00f3pria Rio Bahia.<\/p>\n<p>A instala\u00e7\u00e3o do novo equipamento faz parte de um conjunto de interven\u00e7\u00f5es que o Governo Municipal est\u00e1 realizando no tr\u00e2nsito do munic\u00edpio, com a instala\u00e7\u00e3o da sinaliza\u00e7\u00e3o vertical e horizontal. Com esse sem\u00e1foro, somam-se seis novos sinaleiros; os outros quatro foram instalados nos cruzamentos das avenidas Jorge Teixeira com a Luis Eduardo Magalh\u00e3es, da S\u00e3o Geraldo com a Presidente Vargas e Odilon Correia, e Lauro de Freitas com a Pra\u00e7a Vitor Brito.<\/p>\n","protected":false},"excerpt":{"rendered":"<p>Aten\u00e7\u00e3o motorista! Come\u00e7ou a operar em fase de teste, a partir dessa segunda-feira, 31, os sem\u00e1foros implantados pela Avenida Cuiab\u00e1, que faz a liga\u00e7\u00e3o entre a Avenida Fernando Sp\u00ednola e a Rua Santos Dumont. Os objetivos da instala\u00e7\u00e3o do sem\u00e1foro s\u00e3o melhorar a fluidez do tr\u00e2nsito e garantir a seguran\u00e7a de pedestres e condutores. A [&hellip;]<\/p>\n","protected":false},"author":1,"featured_media":34176,"comment_status":"open","ping_status":"closed","sticky":false,"template":"","format":"standard","meta":[],"categories":[7],"tags":[],"_links":{"self":[{"href":"http:\/\/blitzconquista.com.br\/index.php?rest_route=\/wp\/v2\/posts\/34665"}],"collection":[{"href":"http:\/\/blitzconquista.com.br\/index.php?rest_route=\/wp\/v2\/posts"}],"about":[{"href":"http:\/\/blitzconquista.com.br\/index.php?rest_route=\/wp\/v2\/types\/post"}],"author":[{"embeddable":true,"href":"http:\/\/blitzconquista.com.br\/index.php?rest_route=\/wp\/v2\/users\/1"}],"replies":[{"embeddable":true,"href":"http:\/\/blitzconquista.com.br\/index.php?rest_route=%2Fwp%2Fv2%2Fcomments&post=34665"}],"version-history":[{"count":0,"href":"http:\/\/blitzconquista.com.br\/index.php?rest_route=\/wp\/v2\/posts\/34665\/revisions"}],"wp:featuredmedia":[{"embeddable":true,"href":"http:\/\/blitzconquista.com.br\/index.php?rest_route=\/wp\/v2\/media\/34176"}],"wp:attachment":[{"href":"http:\/\/blitzconquista.com.br\/index.php?rest_route=%2Fwp%2Fv2%2Fmedia&parent=34665"}],"wp:term":[{"taxonomy":"category","embeddable":true,"href":"http:\/\/blitzconquista.com.br\/index.php?rest_route=%2Fwp%2Fv2%2Fcategories&post=34665"},{"taxonomy":"post_tag","embeddable":true,"href":"http:\/\/blitzconquista.com.br\/index.php?rest_route=%2Fwp%2Fv2%2Ftags&post=34665"}],"curies":[{"name":"wp","href":"https:\/\/api.w.org\/{rel}","templated":true}]}}