{"id":34667,"date":"2015-04-01T18:38:06","date_gmt":"2015-04-01T21:38:06","guid":{"rendered":"http:\/\/blitzconquista.com.br\/?p=34667"},"modified":"2015-04-01T18:38:06","modified_gmt":"2015-04-01T21:38:06","slug":"carretas-se-envolvem-em-acidente-na-br-116-norte-em-conquista","status":"publish","type":"post","link":"http:\/\/blitzconquista.com.br\/?p=34667","title":{"rendered":"Carretas se envolvem em acidente na BR 116 norte, em Conquista"},"content":{"rendered":"<p>Duas carretas se envolveram em um acidente no in\u00edcio da tarde desta quarta-feira, 01, no Km 796, ao norte de Vit\u00f3ria da Conquista.<\/p>\n<p><img decoding=\"async\" loading=\"lazy\" class=\"  wp-image-34668 aligncenter\" src=\"http:\/\/blitzconquista.com.br\/wp-content\/uploads\/2015\/04\/adsfasdfsd.jpg\" alt=\"adsfasdfsd\" width=\"406\" height=\"387\" srcset=\"http:\/\/blitzconquista.com.br\/wp-content\/uploads\/2015\/04\/adsfasdfsd.jpg 680w, http:\/\/blitzconquista.com.br\/wp-content\/uploads\/2015\/04\/adsfasdfsd-300x286.jpg 300w, http:\/\/blitzconquista.com.br\/wp-content\/uploads\/2015\/04\/adsfasdfsd-525x500.jpg 525w\" sizes=\"(max-width: 406px) 100vw, 406px\" \/><br \/>\nUma carreta carregada de travessas de postes de cimento colidiu na traseira de uma carreta ba\u00fa. Com a for\u00e7a do impacto a cabine do ve\u00edculo se soltou.<\/p>\n<p><img decoding=\"async\" loading=\"lazy\" class=\" size-full wp-image-34670 aligncenter\" src=\"http:\/\/blitzconquista.com.br\/wp-content\/uploads\/2015\/04\/ffadsdfasf.jpg\" alt=\"ffadsdfasf\" width=\"680\" height=\"319\" srcset=\"http:\/\/blitzconquista.com.br\/wp-content\/uploads\/2015\/04\/ffadsdfasf.jpg 680w, http:\/\/blitzconquista.com.br\/wp-content\/uploads\/2015\/04\/ffadsdfasf-300x141.jpg 300w\" sizes=\"(max-width: 680px) 100vw, 680px\" \/><\/p>\n<p>Apesar da gravidade do acidente, ningu\u00e9m se feriu.<\/p>\n","protected":false},"excerpt":{"rendered":"<p>Duas carretas se envolveram em um acidente no in\u00edcio da tarde desta quarta-feira, 01, no Km 796, ao norte de Vit\u00f3ria da Conquista. Uma carreta carregada de travessas de postes de cimento colidiu na traseira de uma carreta ba\u00fa. Com a for\u00e7a do impacto a cabine do ve\u00edculo se soltou. Apesar da gravidade do acidente, [&hellip;]<\/p>\n","protected":false},"author":1,"featured_media":34669,"comment_status":"open","ping_status":"closed","sticky":false,"template":"","format":"standard","meta":[],"categories":[7],"tags":[],"_links":{"self":[{"href":"http:\/\/blitzconquista.com.br\/index.php?rest_route=\/wp\/v2\/posts\/34667"}],"collection":[{"href":"http:\/\/blitzconquista.com.br\/index.php?rest_route=\/wp\/v2\/posts"}],"about":[{"href":"http:\/\/blitzconquista.com.br\/index.php?rest_route=\/wp\/v2\/types\/post"}],"author":[{"embeddable":true,"href":"http:\/\/blitzconquista.com.br\/index.php?rest_route=\/wp\/v2\/users\/1"}],"replies":[{"embeddable":true,"href":"http:\/\/blitzconquista.com.br\/index.php?rest_route=%2Fwp%2Fv2%2Fcomments&post=34667"}],"version-history":[{"count":0,"href":"http:\/\/blitzconquista.com.br\/index.php?rest_route=\/wp\/v2\/posts\/34667\/revisions"}],"wp:featuredmedia":[{"embeddable":true,"href":"http:\/\/blitzconquista.com.br\/index.php?rest_route=\/wp\/v2\/media\/34669"}],"wp:attachment":[{"href":"http:\/\/blitzconquista.com.br\/index.php?rest_route=%2Fwp%2Fv2%2Fmedia&parent=34667"}],"wp:term":[{"taxonomy":"category","embeddable":true,"href":"http:\/\/blitzconquista.com.br\/index.php?rest_route=%2Fwp%2Fv2%2Fcategories&post=34667"},{"taxonomy":"post_tag","embeddable":true,"href":"http:\/\/blitzconquista.com.br\/index.php?rest_route=%2Fwp%2Fv2%2Ftags&post=34667"}],"curies":[{"name":"wp","href":"https:\/\/api.w.org\/{rel}","templated":true}]}}