{"id":34690,"date":"2015-04-03T13:24:35","date_gmt":"2015-04-03T16:24:35","guid":{"rendered":"http:\/\/blitzconquista.com.br\/?p=34690"},"modified":"2015-04-04T13:31:20","modified_gmt":"2015-04-04T16:31:20","slug":"major-marcelo-se-despede-da-tropa","status":"publish","type":"post","link":"http:\/\/blitzconquista.com.br\/?p=34690","title":{"rendered":"Major Marcelo se despede da tropa"},"content":{"rendered":"<p>Na \u00faltima quarta-feira, 01, o Major Marcelo Souza Lima, que comandou a 77\u00aaCipm em Vit\u00f3ria da Conquista, se despediu da tropa em uma festa de confraterniza\u00e7\u00e3o na Associa\u00e7\u00e3o Atl\u00e9tica do Banco do Brasil.<\/p>\n<p><img decoding=\"async\" loading=\"lazy\" class=\" size-full wp-image-34692 aligncenter\" src=\"http:\/\/blitzconquista.com.br\/wp-content\/uploads\/2015\/04\/20150404092642.jpg\" alt=\"20150404092642\" width=\"680\" height=\"450\" srcset=\"http:\/\/blitzconquista.com.br\/wp-content\/uploads\/2015\/04\/20150404092642.jpg 680w, http:\/\/blitzconquista.com.br\/wp-content\/uploads\/2015\/04\/20150404092642-300x199.jpg 300w\" sizes=\"(max-width: 680px) 100vw, 680px\" \/><\/p>\n<p>Na oportunidade os militares agradeceram e homenagearam o Major, o qual tamb\u00e9m demonstrou satisfa\u00e7\u00e3o ao comandar uma tropa conquistense.<\/p>\n<p><img decoding=\"async\" loading=\"lazy\" class=\" size-full wp-image-34694 aligncenter\" src=\"http:\/\/blitzconquista.com.br\/wp-content\/uploads\/2015\/04\/fdasdfasdf.jpg\" alt=\"fdasdfasdf\" width=\"680\" height=\"450\" srcset=\"http:\/\/blitzconquista.com.br\/wp-content\/uploads\/2015\/04\/fdasdfasdf.jpg 680w, http:\/\/blitzconquista.com.br\/wp-content\/uploads\/2015\/04\/fdasdfasdf-300x199.jpg 300w\" sizes=\"(max-width: 680px) 100vw, 680px\" \/><br \/>\nO Major ir\u00e1 assumir um cargo de chefia administrativa na regi\u00e3o metropolitana de Salvador, mas continuar\u00e1 morando em solo Mongoi\u00f3.<\/p>\n<p><img decoding=\"async\" loading=\"lazy\" class=\" size-full wp-image-34691 aligncenter\" src=\"http:\/\/blitzconquista.com.br\/wp-content\/uploads\/2015\/04\/20150404092654.jpg\" alt=\"20150404092654\" width=\"680\" height=\"450\" srcset=\"http:\/\/blitzconquista.com.br\/wp-content\/uploads\/2015\/04\/20150404092654.jpg 680w, http:\/\/blitzconquista.com.br\/wp-content\/uploads\/2015\/04\/20150404092654-300x199.jpg 300w\" sizes=\"(max-width: 680px) 100vw, 680px\" \/><\/p>\n","protected":false},"excerpt":{"rendered":"<p>Na \u00faltima quarta-feira, 01, o Major Marcelo Souza Lima, que comandou a 77\u00aaCipm em Vit\u00f3ria da Conquista, se despediu da tropa em uma festa de confraterniza\u00e7\u00e3o na Associa\u00e7\u00e3o Atl\u00e9tica do Banco do Brasil. Na oportunidade os militares agradeceram e homenagearam o Major, o qual tamb\u00e9m demonstrou satisfa\u00e7\u00e3o ao comandar uma tropa conquistense. O Major ir\u00e1 [&hellip;]<\/p>\n","protected":false},"author":1,"featured_media":34693,"comment_status":"open","ping_status":"closed","sticky":false,"template":"","format":"standard","meta":[],"categories":[3],"tags":[],"_links":{"self":[{"href":"http:\/\/blitzconquista.com.br\/index.php?rest_route=\/wp\/v2\/posts\/34690"}],"collection":[{"href":"http:\/\/blitzconquista.com.br\/index.php?rest_route=\/wp\/v2\/posts"}],"about":[{"href":"http:\/\/blitzconquista.com.br\/index.php?rest_route=\/wp\/v2\/types\/post"}],"author":[{"embeddable":true,"href":"http:\/\/blitzconquista.com.br\/index.php?rest_route=\/wp\/v2\/users\/1"}],"replies":[{"embeddable":true,"href":"http:\/\/blitzconquista.com.br\/index.php?rest_route=%2Fwp%2Fv2%2Fcomments&post=34690"}],"version-history":[{"count":0,"href":"http:\/\/blitzconquista.com.br\/index.php?rest_route=\/wp\/v2\/posts\/34690\/revisions"}],"wp:featuredmedia":[{"embeddable":true,"href":"http:\/\/blitzconquista.com.br\/index.php?rest_route=\/wp\/v2\/media\/34693"}],"wp:attachment":[{"href":"http:\/\/blitzconquista.com.br\/index.php?rest_route=%2Fwp%2Fv2%2Fmedia&parent=34690"}],"wp:term":[{"taxonomy":"category","embeddable":true,"href":"http:\/\/blitzconquista.com.br\/index.php?rest_route=%2Fwp%2Fv2%2Fcategories&post=34690"},{"taxonomy":"post_tag","embeddable":true,"href":"http:\/\/blitzconquista.com.br\/index.php?rest_route=%2Fwp%2Fv2%2Ftags&post=34690"}],"curies":[{"name":"wp","href":"https:\/\/api.w.org\/{rel}","templated":true}]}}