{"id":34727,"date":"2015-04-05T10:30:36","date_gmt":"2015-04-05T13:30:36","guid":{"rendered":"http:\/\/blitzconquista.com.br\/?p=34727"},"modified":"2015-04-05T23:33:34","modified_gmt":"2015-04-06T02:33:34","slug":"policia-recupera-carga-roubada-de-eletronicos-e-prende-dois-em-flagrante-em-conquista","status":"publish","type":"post","link":"http:\/\/blitzconquista.com.br\/?p=34727","title":{"rendered":"Pol\u00edcia recupera carga roubada de eletr\u00f4nicos e prende dois em flagrante em Conquista"},"content":{"rendered":"<p>A Pol\u00edcia Civil, atrav\u00e9s da Delegacia de Homic\u00eddios (DH), prendeu na \u00faltima sexta feira, 03, Tiago de Sousa Oliveira, de 32 anos, e Dermeval Artur Silva Filho, de 41 anos, pelo crime de recepta\u00e7\u00e3o de carga roubada em Conquista.<\/p>\n<p>A equipe da DH investigava a pr\u00e1tica de homic\u00eddios na cidade, quando teve a informa\u00e7\u00e3o de que os autores estariam em uma casa no bairro Ibirapuera de posse de produtos eletr\u00f4nicos roubados. Os suspeitos foram surpreendidos e presos pelos investigadores quando colocavam alguns produtos eletr\u00f4nicos roubados, sem notas fiscais, na carroceria de um ve\u00edculo Fiat Strada pertencente a Tiago.<\/p>\n<p>&nbsp;<\/p>\n<p>Ap\u00f3s a pris\u00e3o, os investigadores da DH realizaram uma busca na casa de Tiago, no Ibirapuera e na casa de Dermeval, no Bairro Guarani, onde foram encontradas e apreendidas v\u00e1rias caixas de produtos eletr\u00f4nicos (Aparelhos de som), que teriam sido roubadas de uma carga na regi\u00e3o.<\/p>\n<p><img decoding=\"async\" loading=\"lazy\" class=\" size-full wp-image-34729 aligncenter\" src=\"http:\/\/blitzconquista.com.br\/wp-content\/uploads\/2015\/04\/IMG_6156.jpg\" alt=\"IMG_6156\" width=\"680\" height=\"365\" srcset=\"http:\/\/blitzconquista.com.br\/wp-content\/uploads\/2015\/04\/IMG_6156.jpg 680w, http:\/\/blitzconquista.com.br\/wp-content\/uploads\/2015\/04\/IMG_6156-300x161.jpg 300w\" sizes=\"(max-width: 680px) 100vw, 680px\" \/><\/p>\n<p>&nbsp;<\/p>\n<p>A dupla foi presa e autuada em flagrante pelo crime de recepta\u00e7\u00e3o de produtos roubados. Tiago e Dermeval foram encaminhados ao pres\u00eddio Nilton Gon\u00e7alves.<em> *Com informa\u00e7\u00f5es e fotos da DH<\/em><\/p>\n<p>&nbsp;<\/p>\n","protected":false},"excerpt":{"rendered":"<p>A Pol\u00edcia Civil, atrav\u00e9s da Delegacia de Homic\u00eddios (DH), prendeu na \u00faltima sexta feira, 03, Tiago de Sousa Oliveira, de 32 anos, e Dermeval Artur Silva Filho, de 41 anos, pelo crime de recepta\u00e7\u00e3o de carga roubada em Conquista. A equipe da DH investigava a pr\u00e1tica de homic\u00eddios na cidade, quando teve a informa\u00e7\u00e3o de [&hellip;]<\/p>\n","protected":false},"author":1,"featured_media":34728,"comment_status":"open","ping_status":"closed","sticky":false,"template":"","format":"standard","meta":[],"categories":[3],"tags":[],"_links":{"self":[{"href":"http:\/\/blitzconquista.com.br\/index.php?rest_route=\/wp\/v2\/posts\/34727"}],"collection":[{"href":"http:\/\/blitzconquista.com.br\/index.php?rest_route=\/wp\/v2\/posts"}],"about":[{"href":"http:\/\/blitzconquista.com.br\/index.php?rest_route=\/wp\/v2\/types\/post"}],"author":[{"embeddable":true,"href":"http:\/\/blitzconquista.com.br\/index.php?rest_route=\/wp\/v2\/users\/1"}],"replies":[{"embeddable":true,"href":"http:\/\/blitzconquista.com.br\/index.php?rest_route=%2Fwp%2Fv2%2Fcomments&post=34727"}],"version-history":[{"count":0,"href":"http:\/\/blitzconquista.com.br\/index.php?rest_route=\/wp\/v2\/posts\/34727\/revisions"}],"wp:featuredmedia":[{"embeddable":true,"href":"http:\/\/blitzconquista.com.br\/index.php?rest_route=\/wp\/v2\/media\/34728"}],"wp:attachment":[{"href":"http:\/\/blitzconquista.com.br\/index.php?rest_route=%2Fwp%2Fv2%2Fmedia&parent=34727"}],"wp:term":[{"taxonomy":"category","embeddable":true,"href":"http:\/\/blitzconquista.com.br\/index.php?rest_route=%2Fwp%2Fv2%2Fcategories&post=34727"},{"taxonomy":"post_tag","embeddable":true,"href":"http:\/\/blitzconquista.com.br\/index.php?rest_route=%2Fwp%2Fv2%2Ftags&post=34727"}],"curies":[{"name":"wp","href":"https:\/\/api.w.org\/{rel}","templated":true}]}}