{"id":34763,"date":"2015-04-06T23:15:26","date_gmt":"2015-04-07T02:15:26","guid":{"rendered":"http:\/\/blitzconquista.com.br\/?p=34763"},"modified":"2015-04-06T23:33:44","modified_gmt":"2015-04-07T02:33:44","slug":"governo-municipal-se-reune-com-ministerio-da-integracao-sobre-barragem-do-rio-pardo","status":"publish","type":"post","link":"http:\/\/blitzconquista.com.br\/?p=34763","title":{"rendered":"Governo Municipal se re\u00fane com Minist\u00e9rio da Integra\u00e7\u00e3o sobre Barragem do Rio Pardo"},"content":{"rendered":"<p>Com o intuito de garantir a celeridade da constru\u00e7\u00e3o da Barragem do Rio Pardo, cujos projetos b\u00e1sico e executivo j\u00e1 est\u00e3o prontos, o prefeito Guilherme Menezes se reuniu, na manh\u00e3 da \u00faltima quinta-feira, 2, com o secret\u00e1rio executivo do Minist\u00e9rio da Integra\u00e7\u00e3o Nacional, Ant\u00f4nio Carlos Fernandes. O encontro, que aconteceu em Bras\u00edlia, tratou sobre as pr\u00f3ximas etapas e fontes de capta\u00e7\u00e3o de\u00a0recursos federais para a execu\u00e7\u00e3o da obra, entre outras provid\u00eancias.<\/p>\n<p>De acordo com o secret\u00e1rio executivo, Ant\u00f4nio Carlos Fernandes, a expectativa do Minist\u00e9rio da Integra\u00e7\u00e3o Nacional \u00e9 que a obra seja rapidamente iniciada para garantir a seguran\u00e7a h\u00eddrica da popula\u00e7\u00e3o conquistense e da regi\u00e3o. \u201cA avalia\u00e7\u00e3o sobre o projeto \u00e9 a mais positiva poss\u00edvel, visto que existe o comprometimento do poder p\u00fablico desde a defini\u00e7\u00e3o dos projetos b\u00e1sico e executivo, no qual o Minist\u00e9rio da Integra\u00e7\u00e3o entra com a contribui\u00e7\u00e3o e recebe a contrapartida da Prefeitura de Vit\u00f3ria da Conquista. Estamos caminhando para que a obra aconte\u00e7a\u201d, explicou.<\/p>\n<p>Em\u00a0<a href=\"http:\/\/www.pmvc.ba.gov.br\/v2\/noticias\/governo-municipal-participa-de-agenda-oficial-em-salvador-2\/\" target=\"_blank\">recente reuni\u00e3o realizada em Salvador<\/a>, o prefeito j\u00e1 havia recebido do governador Rui Costa a garantia de que envidar\u00e1 todos os esfor\u00e7os poss\u00edveis para conseguir os recursos necess\u00e1rios. A barragem, demanda priorit\u00e1ria para o Governo Municipal, ter\u00e1 capacidade para armazenar mais de 430 milh\u00f5es de m\u00b3 de \u00e1gua e <a href=\"http:\/\/www.pmvc.ba.gov.br\/v2\/noticias\/barragem-do-rio-pardo-podera-solucionar-problemas-hidricos-de-vitoria-da-conquista-e-regiao\/\" target=\"_blank\">garantir\u00e1 <\/a><a href=\"http:\/\/www.pmvc.ba.gov.br\/v2\/noticias\/barragem-do-rio-pardo-podera-solucionar-problemas-hidricos-de-vitoria-da-conquista-e-regiao\/\" target=\"_blank\">a autossufici\u00eancia em termos de recursos h\u00eddricos<\/a>\u00a0para Vit\u00f3ria da Conquista e munic\u00edpios da regi\u00e3o, incluindo os distritos da zona rural.<\/p>\n<p>Para o prefeito Guilherme Menezes, essa celeridade para a execu\u00e7\u00e3o do projeto se d\u00e1 por conta da necessidade hist\u00f3rica de uma a\u00e7\u00e3o desse porte para Vit\u00f3ria da Conquista e regi\u00e3o. \u201cEsse encontro foi muito importante porque essa \u00e9 uma etapa decisiva para garantir a execu\u00e7\u00e3o da obra e faz parte do grande passo que a Prefeitura de Vit\u00f3ria da Conquista est\u00e1 dando, por interm\u00e9dio da Secretaria Municipal de Infraestrutura Urbana, em parceria com o Minist\u00e9rio da Integra\u00e7\u00e3o Nacional\u201d, afirmou o gestor. *Secom<\/p>\n","protected":false},"excerpt":{"rendered":"<p>Com o intuito de garantir a celeridade da constru\u00e7\u00e3o da Barragem do Rio Pardo, cujos projetos b\u00e1sico e executivo j\u00e1 est\u00e3o prontos, o prefeito Guilherme Menezes se reuniu, na manh\u00e3 da \u00faltima quinta-feira, 2, com o secret\u00e1rio executivo do Minist\u00e9rio da Integra\u00e7\u00e3o Nacional, Ant\u00f4nio Carlos Fernandes. O encontro, que aconteceu em Bras\u00edlia, tratou sobre as [&hellip;]<\/p>\n","protected":false},"author":1,"featured_media":34764,"comment_status":"open","ping_status":"closed","sticky":false,"template":"","format":"standard","meta":[],"categories":[5],"tags":[],"_links":{"self":[{"href":"http:\/\/blitzconquista.com.br\/index.php?rest_route=\/wp\/v2\/posts\/34763"}],"collection":[{"href":"http:\/\/blitzconquista.com.br\/index.php?rest_route=\/wp\/v2\/posts"}],"about":[{"href":"http:\/\/blitzconquista.com.br\/index.php?rest_route=\/wp\/v2\/types\/post"}],"author":[{"embeddable":true,"href":"http:\/\/blitzconquista.com.br\/index.php?rest_route=\/wp\/v2\/users\/1"}],"replies":[{"embeddable":true,"href":"http:\/\/blitzconquista.com.br\/index.php?rest_route=%2Fwp%2Fv2%2Fcomments&post=34763"}],"version-history":[{"count":0,"href":"http:\/\/blitzconquista.com.br\/index.php?rest_route=\/wp\/v2\/posts\/34763\/revisions"}],"wp:featuredmedia":[{"embeddable":true,"href":"http:\/\/blitzconquista.com.br\/index.php?rest_route=\/wp\/v2\/media\/34764"}],"wp:attachment":[{"href":"http:\/\/blitzconquista.com.br\/index.php?rest_route=%2Fwp%2Fv2%2Fmedia&parent=34763"}],"wp:term":[{"taxonomy":"category","embeddable":true,"href":"http:\/\/blitzconquista.com.br\/index.php?rest_route=%2Fwp%2Fv2%2Fcategories&post=34763"},{"taxonomy":"post_tag","embeddable":true,"href":"http:\/\/blitzconquista.com.br\/index.php?rest_route=%2Fwp%2Fv2%2Ftags&post=34763"}],"curies":[{"name":"wp","href":"https:\/\/api.w.org\/{rel}","templated":true}]}}