{"id":35007,"date":"2015-04-13T23:48:06","date_gmt":"2015-04-14T02:48:06","guid":{"rendered":"http:\/\/blitzconquista.com.br\/?p=35007"},"modified":"2015-04-13T23:48:06","modified_gmt":"2015-04-14T02:48:06","slug":"dilma-condena-reducao-da-maioridade-penal-e-pede-punicao-aos-aliciadores","status":"publish","type":"post","link":"http:\/\/blitzconquista.com.br\/?p=35007","title":{"rendered":"Dilma condena redu\u00e7\u00e3o da maioridade penal e pede puni\u00e7\u00e3o aos aliciadores"},"content":{"rendered":"<p>A presidenta Dilma Rousseff se manifestou hoje (13), pelas redes sociais, contra a redu\u00e7\u00e3o da maioridade penal. A admissibilidade da Proposta de Emenda \u00e0 Constitui\u00e7\u00e3o (PEC) 171\/93, que reduz a maioridade penal de 18 para 16 anos, foi aprovada pela Comiss\u00e3o de Constitui\u00e7\u00e3o e Justi\u00e7a da C\u00e2mara no fim de mar\u00e7o e uma comiss\u00e3o especial foi instalada para analisar o texto.<\/p>\n<p>\u201cN\u00e3o podemos permitir a redu\u00e7\u00e3o da maioridade penal. Lugar de meninos e meninas \u00e9 na escola. Chega de impunidade para aqueles que aliciam crian\u00e7as e adolescentes para o crime\u201d, escreveu Dilma em seus perfis nas redes sociais Twitter e Facebook.<\/p>\n<p>A presidenta disse que a redu\u00e7\u00e3o da maioridade seria \u201cum grande retrocesso\u201d para o pa\u00eds e que n\u00e3o resolveria os problemas de jovens em conflito com a lei. Dilma defende que a puni\u00e7\u00e3o nesses casos obede\u00e7a medidas j\u00e1 previstas no Estatuto da Crian\u00e7a e do Adolescente (ECA).<\/p>\n<p>\u201cReduzir a maioridade penal n\u00e3o vai resolver o problema da delinqu\u00eancia juvenil. Isso n\u00e3o significa dizer que eu seja favor\u00e1vel \u00e0 impunidade. Menores que tenham cometido algum tipo de delito precisam se submeter a medidas socioeducativas, que nos casos mais graves j\u00e1 imp\u00f5em priva\u00e7\u00e3o da liberdade. Para isso, o pa\u00eds tem uma legisla\u00e7\u00e3o avan\u00e7ada: o Estatuto da Crian\u00e7a e do Adolescente, que sempre pode ser aperfei\u00e7oado\u201d, avaliou.<\/p>\n<figure class=\"teaser\"><img decoding=\"async\" loading=\"lazy\" class=\"Image img__fid__28427 img__view_mode__teaser attr__format__teaser imagem_post aligncenter\" title=\"\" src=\"http:\/\/agenciabrasil.ebc.com.br\/sites\/_agenciabrasil2013\/files\/styles\/interna_grande\/public\/fotos\/955409-stf-9365.jpg?itok=W9aOCzwY\" alt=\"O ministro da Justi\u00e7a, Jos\u00e9 Eduardo Cardozo, durante assinatura de acordos para a implanta\u00e7\u00e3o do projeto Audi\u00eancia de Cust\u00f3dia (Jos\u00e9 Cruz\/Ag\u00eancia Brasil)\" width=\"580\" height=\"388\" \/><figcaption><em>Jos\u00e9 Eduardo Cardozo far\u00e1 um amplo debate para aperfei\u00e7omento do ECA a pedido da presidenta Dilma Rousseff<span class=\"author\">Jos\u00e9 Cruz\/Ag\u00eancia Brasil<\/span><\/em><\/p>\n<\/figcaption><\/figure>\n<p>Nos <em>posts<\/em>, Dilma disse que orientou o ministro da Justi\u00e7a, Jos\u00e9 Eduardo Cardozo, a iniciar uma \u201campla discuss\u00e3o\u201d para aprimoramento do ECA. \u201c\u00c9 uma grande oportunidade para ouvirmos em audi\u00eancias p\u00fablicas as vozes do nosso pa\u00eds durante a realiza\u00e7\u00e3o deste debate\u201d. A presidenta tamb\u00e9m defendeu mudan\u00e7as na legisla\u00e7\u00e3o para endurecer a puni\u00e7\u00e3o para adultos que aliciam jovens para o crime organizado.<\/p>\n<p><img decoding=\"async\" loading=\"lazy\" class=\"alignnone size-full wp-image-32052\" src=\"http:\/\/blitzconquista.com.br\/wp-content\/uploads\/2015\/01\/agencia_brasil_logo.png\" alt=\"agencia_brasil_logo\" width=\"130\" height=\"27\" \/><\/p>\n","protected":false},"excerpt":{"rendered":"<p>A presidenta Dilma Rousseff se manifestou hoje (13), pelas redes sociais, contra a redu\u00e7\u00e3o da maioridade penal. A admissibilidade da Proposta de Emenda \u00e0 Constitui\u00e7\u00e3o (PEC) 171\/93, que reduz a maioridade penal de 18 para 16 anos, foi aprovada pela Comiss\u00e3o de Constitui\u00e7\u00e3o e Justi\u00e7a da C\u00e2mara no fim de mar\u00e7o e uma comiss\u00e3o especial [&hellip;]<\/p>\n","protected":false},"author":1,"featured_media":0,"comment_status":"open","ping_status":"closed","sticky":false,"template":"","format":"standard","meta":[],"categories":[5],"tags":[],"_links":{"self":[{"href":"http:\/\/blitzconquista.com.br\/index.php?rest_route=\/wp\/v2\/posts\/35007"}],"collection":[{"href":"http:\/\/blitzconquista.com.br\/index.php?rest_route=\/wp\/v2\/posts"}],"about":[{"href":"http:\/\/blitzconquista.com.br\/index.php?rest_route=\/wp\/v2\/types\/post"}],"author":[{"embeddable":true,"href":"http:\/\/blitzconquista.com.br\/index.php?rest_route=\/wp\/v2\/users\/1"}],"replies":[{"embeddable":true,"href":"http:\/\/blitzconquista.com.br\/index.php?rest_route=%2Fwp%2Fv2%2Fcomments&post=35007"}],"version-history":[{"count":0,"href":"http:\/\/blitzconquista.com.br\/index.php?rest_route=\/wp\/v2\/posts\/35007\/revisions"}],"wp:attachment":[{"href":"http:\/\/blitzconquista.com.br\/index.php?rest_route=%2Fwp%2Fv2%2Fmedia&parent=35007"}],"wp:term":[{"taxonomy":"category","embeddable":true,"href":"http:\/\/blitzconquista.com.br\/index.php?rest_route=%2Fwp%2Fv2%2Fcategories&post=35007"},{"taxonomy":"post_tag","embeddable":true,"href":"http:\/\/blitzconquista.com.br\/index.php?rest_route=%2Fwp%2Fv2%2Ftags&post=35007"}],"curies":[{"name":"wp","href":"https:\/\/api.w.org\/{rel}","templated":true}]}}