{"id":35047,"date":"2015-04-14T21:12:19","date_gmt":"2015-04-15T00:12:19","guid":{"rendered":"http:\/\/blitzconquista.com.br\/?p=35047"},"modified":"2015-04-14T22:33:02","modified_gmt":"2015-04-15T01:33:02","slug":"dilma-indica-jurista-luiz-edson-fachin-para-o-supremo","status":"publish","type":"post","link":"http:\/\/blitzconquista.com.br\/?p=35047","title":{"rendered":"Dilma indica jurista Luiz Edson Fachin para o Supremo"},"content":{"rendered":"<p>A presidenta Dilma Rousseff indicou hoje (14) o jurista Luiz Edson Fachin, 57 anos, para ocupar uma cadeira no Supremo Tribunal Federal (STF). A indica\u00e7\u00e3o foi confirmada h\u00e1 pouco pela Secretaria de Imprensa da Presid\u00eancia da Rep\u00fablica. Para que assuma a vaga, por\u00e9m, o nome de Fachin precisa ser aprovado pelo Senado Federal.<\/p>\n<p><img decoding=\"async\" loading=\"lazy\" class=\"Image img__fid__28792 img__view_mode__teaser attr__format__teaser imagem_post aligncenter\" title=\"\" src=\"http:\/\/agenciabrasil.ebc.com.br\/sites\/_agenciabrasil2013\/files\/styles\/interna_grande\/public\/luiz_edson_fachin-1-divulgacao_tjpr.jpg?itok=xQRwadPs\" alt=\"\" width=\"580\" height=\"388\" \/><\/p>\n<figure class=\"teaser\"><figcaption><em>Jurista Luiz Edson Fachin \u00e9 o quinto ministro indicado por Dilma Rousseff para o STF \u00a0 Divulga\u00e7\u00e3o\/TJPR<\/em>&nbsp;<\/p>\n<\/figcaption><\/figure>\n<p>Professor de Direito Civil da Universidade Federal do Paran\u00e1 (UFPR), Luiz Edson Fachin \u00e9 s\u00f3cio-fundador de um escrit\u00f3rio em Curitiba, especializado em arbitragem e media\u00e7\u00e3o no direito empresarial. O advogado \u00e9 mestre e doutor em Direito das Rela\u00e7\u00f5es Sociais e tem p\u00f3s-doutorado no Canad\u00e1.<\/p>\n<p>Formado pela UFPR em 1980, ele ocupa atualmente uma das cadeiras da Academia Brasileira de Letras Jur\u00eddicas. Desde os anos 1980, atua na \u00e1rea acad\u00eamica, tendo publicado dezenas de livros, principalmente sobre direito civil. Embora tenha feito carreira no Paran\u00e1, Fachin nasceu na cidade ga\u00facha de Rondinha.<\/p>\n<p>Luiz Edson Fachin tamb\u00e9m comp\u00f5e a Academia Brasileira de Direito Constitucional, a Academia Brasileira de Direito Civil, o Instituto dos Advogados Brasileiros (IAB) e o Instituto dos Advogados do Paran\u00e1 (IAP).<\/p>\n<p>Anteriormente, ele integrou a comiss\u00e3o do Minist\u00e9rio da Justi\u00e7a sobre Reforma do Poder Judici\u00e1rio e o Instituto de Altos Estudos da Universidade Federal de Minas Gerais (UFMG). Tamb\u00e9m atuou como colaborador do Senado Federal na elabora\u00e7\u00e3o do novo C\u00f3digo Civil brasileiro.<\/p>\n<p>Com a indica\u00e7\u00e3o, Luiz Fachin passar\u00e1 por sabatina na Comiss\u00e3o de Constitui\u00e7\u00e3o de Justi\u00e7a do Senado e precisa ter o nome aprovado pelo plen\u00e1rio da Casa. Em seguida, o futuro ministro ser\u00e1 nomeado e empossado pelo Supremo. Ele ocupar\u00e1 a vaga deixada pelo ex-presidente da Corte, ministro Joaquim Barbosa, que se aposentou em julho de 2014. O tribunal est\u00e1 sem o qu\u00f3rum completo, de 11 ministros, h\u00e1 oito meses.<\/p>\n<p>Fachin \u00e9 o quinto ministro do STF indicado por Dilma Rousseff. Na atual composi\u00e7\u00e3o do Supremo, os ministros Ricardo Lewandowski, atual presidente, C\u00e1rmen L\u00facia e Dias Toffoli foram indicados por Luiz In\u00e1cio Lula da Silva. Luiz Fux, Rosa Weber, Teori Zavascki e Lu\u00eds Roberto Barroso, pela presidenta.<\/p>\n<p>Gilmar Mendes chegou ao tribunal por indica\u00e7\u00e3o do ex-presidente Fernando Henrique Cardoso. Marco Aur\u00e9lio foi indicado pelo ex-presidente Fernando Collor e Celso de Mello, decano da Corte, pelo ex-presidente Jos\u00e9 Sarney.<\/p>\n<p><img decoding=\"async\" loading=\"lazy\" class=\"alignnone size-full wp-image-32052\" src=\"http:\/\/blitzconquista.com.br\/wp-content\/uploads\/2015\/01\/agencia_brasil_logo.png\" alt=\"agencia_brasil_logo\" width=\"130\" height=\"27\" \/><\/p>\n","protected":false},"excerpt":{"rendered":"<p>A presidenta Dilma Rousseff indicou hoje (14) o jurista Luiz Edson Fachin, 57 anos, para ocupar uma cadeira no Supremo Tribunal Federal (STF). A indica\u00e7\u00e3o foi confirmada h\u00e1 pouco pela Secretaria de Imprensa da Presid\u00eancia da Rep\u00fablica. Para que assuma a vaga, por\u00e9m, o nome de Fachin precisa ser aprovado pelo Senado Federal. Jurista Luiz [&hellip;]<\/p>\n","protected":false},"author":1,"featured_media":35064,"comment_status":"open","ping_status":"closed","sticky":false,"template":"","format":"standard","meta":[],"categories":[5],"tags":[],"_links":{"self":[{"href":"http:\/\/blitzconquista.com.br\/index.php?rest_route=\/wp\/v2\/posts\/35047"}],"collection":[{"href":"http:\/\/blitzconquista.com.br\/index.php?rest_route=\/wp\/v2\/posts"}],"about":[{"href":"http:\/\/blitzconquista.com.br\/index.php?rest_route=\/wp\/v2\/types\/post"}],"author":[{"embeddable":true,"href":"http:\/\/blitzconquista.com.br\/index.php?rest_route=\/wp\/v2\/users\/1"}],"replies":[{"embeddable":true,"href":"http:\/\/blitzconquista.com.br\/index.php?rest_route=%2Fwp%2Fv2%2Fcomments&post=35047"}],"version-history":[{"count":0,"href":"http:\/\/blitzconquista.com.br\/index.php?rest_route=\/wp\/v2\/posts\/35047\/revisions"}],"wp:featuredmedia":[{"embeddable":true,"href":"http:\/\/blitzconquista.com.br\/index.php?rest_route=\/wp\/v2\/media\/35064"}],"wp:attachment":[{"href":"http:\/\/blitzconquista.com.br\/index.php?rest_route=%2Fwp%2Fv2%2Fmedia&parent=35047"}],"wp:term":[{"taxonomy":"category","embeddable":true,"href":"http:\/\/blitzconquista.com.br\/index.php?rest_route=%2Fwp%2Fv2%2Fcategories&post=35047"},{"taxonomy":"post_tag","embeddable":true,"href":"http:\/\/blitzconquista.com.br\/index.php?rest_route=%2Fwp%2Fv2%2Ftags&post=35047"}],"curies":[{"name":"wp","href":"https:\/\/api.w.org\/{rel}","templated":true}]}}