{"id":35106,"date":"2015-04-16T00:32:57","date_gmt":"2015-04-16T03:32:57","guid":{"rendered":"http:\/\/blitzconquista.com.br\/?p=35106"},"modified":"2015-04-16T00:32:57","modified_gmt":"2015-04-16T03:32:57","slug":"rui-costa-coordena-reuniao-entre-governadores-do-nordeste-e-bancada-no-congresso","status":"publish","type":"post","link":"http:\/\/blitzconquista.com.br\/?p=35106","title":{"rendered":"Rui Costa coordena reuni\u00e3o entre governadores do Nordeste e bancada no Congresso"},"content":{"rendered":"<p>Os governadores dos estados do Nordeste v\u00e3o promover na manh\u00e3 desta quarta-feira (15), em Bras\u00edlia, um encontro com os 151 deputados e os 27 senadores que formam a bancada do Nordeste no Congresso Nacional. Sob coordena\u00e7\u00e3o do governador Rui Costa, a reuni\u00e3o que ser\u00e1 realizada no Audit\u00f3rio Nereu Ramos, na C\u00e2mara dos Deputados, deve estreitar o posicionamento dos chefes do Executivo com os parlamentares da regi\u00e3o. O objetivo \u00e9 unir for\u00e7as em torno de projetos em tramita\u00e7\u00e3o que s\u00e3o de interesse comum dos estados.<\/p>\n<p>Com o alinhamento, os governadores acreditam que a pauta do Nordeste no Legislativo ter\u00e1 grandes vit\u00f3rias devido ao peso da bancada. Desde o fim de 2014, os governadores est\u00e3o mobilizados para a constru\u00e7\u00e3o e defesa de uma agenda regional positiva. Para isso, elencaram prioridades e apresentaram, em documentos intitulados &#8216;Carta da Para\u00edba&#8217; e &#8216;Carta do Nordeste&#8217;, \u00e0 presidente Dilma Rousseff.<\/p>\n<p>Novas a\u00e7\u00f5es est\u00e3o previstas para ocorrer no pr\u00f3ximo m\u00eas. Os governadores pleiteiam a preserva\u00e7\u00e3o de pol\u00edticas p\u00fablicas de desenvolvimento regional e distribui\u00e7\u00e3o de renda, de investimentos em curso do Programa de Acelera\u00e7\u00e3o do Crescimento (PAC) e a abertura de limites de cr\u00e9dito, protegendo a regi\u00e3o da perda de receitas.<\/p>\n<p>Secom\u00a0\u00a0&#8211; Secretaria de Comunica\u00e7\u00e3o Social\u00a0&#8211; Governo da Bahia<\/p>\n","protected":false},"excerpt":{"rendered":"<p>Os governadores dos estados do Nordeste v\u00e3o promover na manh\u00e3 desta quarta-feira (15), em Bras\u00edlia, um encontro com os 151 deputados e os 27 senadores que formam a bancada do Nordeste no Congresso Nacional. Sob coordena\u00e7\u00e3o do governador Rui Costa, a reuni\u00e3o que ser\u00e1 realizada no Audit\u00f3rio Nereu Ramos, na C\u00e2mara dos Deputados, deve estreitar [&hellip;]<\/p>\n","protected":false},"author":1,"featured_media":31954,"comment_status":"open","ping_status":"closed","sticky":false,"template":"","format":"standard","meta":[],"categories":[5],"tags":[],"_links":{"self":[{"href":"http:\/\/blitzconquista.com.br\/index.php?rest_route=\/wp\/v2\/posts\/35106"}],"collection":[{"href":"http:\/\/blitzconquista.com.br\/index.php?rest_route=\/wp\/v2\/posts"}],"about":[{"href":"http:\/\/blitzconquista.com.br\/index.php?rest_route=\/wp\/v2\/types\/post"}],"author":[{"embeddable":true,"href":"http:\/\/blitzconquista.com.br\/index.php?rest_route=\/wp\/v2\/users\/1"}],"replies":[{"embeddable":true,"href":"http:\/\/blitzconquista.com.br\/index.php?rest_route=%2Fwp%2Fv2%2Fcomments&post=35106"}],"version-history":[{"count":0,"href":"http:\/\/blitzconquista.com.br\/index.php?rest_route=\/wp\/v2\/posts\/35106\/revisions"}],"wp:featuredmedia":[{"embeddable":true,"href":"http:\/\/blitzconquista.com.br\/index.php?rest_route=\/wp\/v2\/media\/31954"}],"wp:attachment":[{"href":"http:\/\/blitzconquista.com.br\/index.php?rest_route=%2Fwp%2Fv2%2Fmedia&parent=35106"}],"wp:term":[{"taxonomy":"category","embeddable":true,"href":"http:\/\/blitzconquista.com.br\/index.php?rest_route=%2Fwp%2Fv2%2Fcategories&post=35106"},{"taxonomy":"post_tag","embeddable":true,"href":"http:\/\/blitzconquista.com.br\/index.php?rest_route=%2Fwp%2Fv2%2Ftags&post=35106"}],"curies":[{"name":"wp","href":"https:\/\/api.w.org\/{rel}","templated":true}]}}