{"id":35171,"date":"2015-04-17T23:17:09","date_gmt":"2015-04-18T02:17:09","guid":{"rendered":"http:\/\/blitzconquista.com.br\/?p=35171"},"modified":"2015-04-18T20:22:21","modified_gmt":"2015-04-18T23:22:21","slug":"vereadores-cobram-solucoes-da-viabahia-para-o-anel-viario","status":"publish","type":"post","link":"http:\/\/blitzconquista.com.br\/?p=35171","title":{"rendered":"Vereadores cobram solu\u00e7\u00f5es da VIABAHIA para o Anel Vi\u00e1rio"},"content":{"rendered":"<div id=\"stcpDiv\">\n<div id=\"stcpDiv\">\n<p>Os constantes acidentes e reclama\u00e7\u00f5es em rela\u00e7\u00e3o ao Anel Vi\u00e1rio e atua\u00e7\u00e3o da empresa VIABAHIA s\u00e3o pautas constantes das falas dos vereadores da C\u00e2mara Municipal de Vit\u00f3ria da Conquista (CMVC). Na sess\u00e3o especial dessa sexta-feira, 17, os parlamentares puderam discutir mais profundamente essa quest\u00e3o. O evento foi uma indica\u00e7\u00e3o do vereador Herm\u00ednio de Oliveira (SD) e contou com o apoio dos demais colegas. A VIABAHIA administra desde outubro de 2009 o trecho da BR-324 entre Salvador e Feira de Santana e o trecho da BR-116 entre Feira de Santana e a divisa com o estado de Minas Gerais.<\/p>\n<p><strong><img decoding=\"async\" loading=\"lazy\" class=\" alignright\" src=\"http:\/\/img.camaravc.com.br\/images\/2015\/Sessoes\/04%20-%20Abril\/17_Abril_15%20-%20Especial%20Via%20Bahia\/sessaoviabahia17_Abr_15a_55.jpg\" alt=\"\" width=\"301\" height=\"199\" \/><\/strong><\/p>\n<p><strong>Arrecada\u00e7\u00e3o deve retornar em investimentos &#8211; <\/strong>O vereador Adinilson Pereira (PSB) cobrou urg\u00eancia na execu\u00e7\u00e3o das demandas apresentadas na sess\u00e3o: \u201cOs vereadores e a comunidade precisam de uma resposta urgente para tudo que vem acontecendo em nosso Anel Vi\u00e1rio e na BR-116\u201d. O parlamentar afirmou que se Feira de Santana estivesse na sess\u00e3o estaria agradecendo as melhorias naquela regi\u00e3o e questionou o que a VIABAHIA tem feito para Conquista.<\/p>\n<p>O edil afirmou que a VIABAHIA precisa urgentemente voltar para nossa cidade. \u201cO dinheiro arrecadado dos ped\u00e1gios, em vez de levar para Feira e Salvador, tem que ser aplicado em Conquista\u201d, solicitou. Ele ainda cobrou a instala\u00e7\u00e3o de viadutos nos contornos das sa\u00eddas para Brumado, para Barra do Cho\u00e7a, para Itamb\u00e9, e nas localidades Campinhos, Centro Industrial.<\/p>\n<p><strong><img decoding=\"async\" loading=\"lazy\" class=\" alignleft\" src=\"http:\/\/img.camaravc.com.br\/images\/2015\/Sessoes\/04%20-%20Abril\/17_Abril_15%20-%20Especial%20Via%20Bahia\/sessaoviabahia17_Abr_15a_62.jpg\" alt=\"\" width=\"298\" height=\"197\" \/>Obras se arrastam &#8211; <\/strong>O vereador Arlindo Rebou\u00e7as (PROS) questionou: \u201cQual a diferen\u00e7a do anel vi\u00e1rio de Feira de Santana para o de Vit\u00f3ria da Conquista? \u00c9 uma s\u00f3. O anel vi\u00e1rio de Feira de Santana tem obra de arte, o de Conquista tem obra de desastre\u201d. Ele citou a exist\u00eancia de outros pontos cr\u00edticos, por exemplo, as entradas dos bairros Conveima e Morada dos P\u00e1ssaros, onde acontecem muitos acidentes, segundo Rebou\u00e7as. Cobrou ainda a inaugura\u00e7\u00e3o da al\u00e7a leste, via que d\u00e1 acesso \u00e0 cidade. \u201cEu acho que ela vai ser inaugurada junto com o aeroporto, \u00e9 uma demora muito grande que n\u00e3o se justifica numa \u00e9poca de tanta tecnologia\u201d.<\/p>\n<p>Rebou\u00e7as reivindicou ainda a implanta\u00e7\u00e3o de acessos para o bairro Aparecida, pois o bueiro atualmente utilizado pelos moradores para esse fim n\u00e3o atende o problema. \u201cN\u00e3o fizeram os acessos necess\u00e1rios para Conquista\u201d, cobrou. O parlamentar tamb\u00e9m disse ser contra o uso de redutores de velocidade. Finalizou sua questionando a VIABAHIA sobre quando ela arrecada mensalmente com a cobran\u00e7a de ped\u00e1gio, pois a empresa, segundo o vereador, s\u00f3 divulga os custos de seus investimentos.<\/p>\n<p><strong><img decoding=\"async\" loading=\"lazy\" class=\" alignright\" src=\"http:\/\/img.camaravc.com.br\/images\/2015\/Sessoes\/04%20-%20Abril\/17_Abril_15%20-%20Especial%20Via%20Bahia\/sessaoviabahia17_Abr_15a_65.jpg\" alt=\"\" width=\"296\" height=\"196\" \/>Prefeitura busca investimentos &#8211; <\/strong>O vereador L\u00edder do Governo, Luciano Gomes (PR) parabenizou a iniciativa de seu colega Herm\u00ednio Oliveira (SD) pela realiza\u00e7\u00e3o de mais uma discuss\u00e3o importante na Casa. Luciano disse ter ficado satisfeito com o alto n\u00edvel do debate realizado e lembrou que por diversas vezes a CMVC esteve cobrando das autoridades medidas de seguran\u00e7a e de melhoria da qualidade das rodovias.<\/p>\n<p>Gomes relembrou as vezes em que esteve, junto com o prefeito Guilherme Menezes, reunido com o Ministro dos Transportes cobrando a execu\u00e7\u00e3o dos projetos de melhorias que ele revelou j\u00e1 estarem prontos, restando apenas serem executados pela VIABAHIA.<\/p>\n<p><strong><img decoding=\"async\" loading=\"lazy\" class=\" alignleft\" src=\"http:\/\/img.camaravc.com.br\/images\/2015\/Sessoes\/04%20-%20Abril\/17_Abril_15%20-%20Especial%20Via%20Bahia\/sessaoviabahia17_Abr_15a_74.jpg\" alt=\"\" width=\"299\" height=\"198\" \/>Bairro isolado &#8211; <\/strong>O vereador Edjaime Bibia (PSDB) cobrou melhorias na Avenida Integra\u00e7\u00e3o, um trecho da BR-116 que corta a cidade. Ele disse estar confuso sobre quem det\u00e9m a responsabilidade pela avenida, se \u00e9 a Prefeitura ou a VIABAHIA. O edil cobrou a conclus\u00e3o da ilumina\u00e7\u00e3o do local, pois uma parte da Integra\u00e7\u00e3o est\u00e1 no escuro. \u201cUm projeto que n\u00e3o foi executado 100%. Esqueceram que existem os bairros Iracema, Ibirapuera, Aparecida e o Guarani\u201d, detalhou.<\/p>\n<p>Em resposta ao vereador, o coordenador da \u00c1rea de Fiscaliza\u00e7\u00e3o na Bahia da Ag\u00eancia Nacional de Transportes Terrestres (ANTT), Carlos Almeida, informou que sobre a Avenida Integra\u00e7\u00e3o a VIABAHIA \u00e9 respons\u00e1vel somente pela manuten\u00e7\u00e3o e conserva\u00e7\u00e3o do pavimento. Os demais elementos est\u00e3o sob o comando do Departamento Nacional de Infraestrutura de Transportes (DNIT). O coordenador adiantou que Pol\u00edcia Rodovi\u00e1ria Federal solicitou \u00e0 ANTT, com anu\u00eancia da Prefeitura Municipal, que esse trecho urbano da BR-116 seja municipalizado. Em n\u00edvel estadual o pedido foi aceito e agora est\u00e1 em an\u00e1lise pela equipe da ANTT em Bras\u00edlia.<\/p>\n<p>Bibia tamb\u00e9m reclamou da falta de uma sa\u00edda e entrada diretas para o Aparecida. Atualmente, os moradores s\u00f3 contam com um bueiro usado de forma prec\u00e1ria como via de acesso ao bairro. \u201cN\u00f3s n\u00e3o podemos viver num bairro isolado, onde n\u00e3o entra uma carreta, n\u00e3o entra um \u00f4nibus\u201d, denunciou. Ele queixou-se ainda do fato de as pessoas s\u00f3 conseguirem acessar o Aparecida por meio dos bairros Ibirapuera, Bruno Bacelar e pela Serra do Periperi.<\/p>\n<p><strong><img decoding=\"async\" loading=\"lazy\" class=\" alignright\" src=\"http:\/\/img.camaravc.com.br\/images\/2015\/Sessoes\/04%20-%20Abril\/17_Abril_15%20-%20Especial%20Via%20Bahia\/sessaoviabahia17_Abr_15a_1.jpg\" alt=\"\" width=\"297\" height=\"197\" \/>Solicita\u00e7\u00e3o &#8211; <\/strong>O vereador Ricardo Bab\u00e3o (PSL) aproveitou a oportunidade da sess\u00e3o para entregar uma solicita\u00e7\u00e3o \u00e0 Pol\u00edcia Rodovi\u00e1ria Federal (PRF) e a VIABAHIA. Por meio de of\u00edcio, o parlamentar solicita a retirada da prote\u00e7\u00e3o de pista da BR-116 no trecho da Rua Caatiba que fica no fundo Cemit\u00e9rio do Kadija. Segundo Bab\u00e3o, a prote\u00e7\u00e3o vem atrapalhando a passagem de pedestres, ciclistas, motoristas e cortejos f\u00fanebres.<\/p>\n<\/div>\n<\/div>\n","protected":false},"excerpt":{"rendered":"<p>Os constantes acidentes e reclama\u00e7\u00f5es em rela\u00e7\u00e3o ao Anel Vi\u00e1rio e atua\u00e7\u00e3o da empresa VIABAHIA s\u00e3o pautas constantes das falas dos vereadores da C\u00e2mara Municipal de Vit\u00f3ria da Conquista (CMVC). Na sess\u00e3o especial dessa sexta-feira, 17, os parlamentares puderam discutir mais profundamente essa quest\u00e3o. O evento foi uma indica\u00e7\u00e3o do vereador Herm\u00ednio de Oliveira (SD) [&hellip;]<\/p>\n","protected":false},"author":1,"featured_media":35172,"comment_status":"open","ping_status":"closed","sticky":false,"template":"","format":"standard","meta":[],"categories":[5],"tags":[],"_links":{"self":[{"href":"http:\/\/blitzconquista.com.br\/index.php?rest_route=\/wp\/v2\/posts\/35171"}],"collection":[{"href":"http:\/\/blitzconquista.com.br\/index.php?rest_route=\/wp\/v2\/posts"}],"about":[{"href":"http:\/\/blitzconquista.com.br\/index.php?rest_route=\/wp\/v2\/types\/post"}],"author":[{"embeddable":true,"href":"http:\/\/blitzconquista.com.br\/index.php?rest_route=\/wp\/v2\/users\/1"}],"replies":[{"embeddable":true,"href":"http:\/\/blitzconquista.com.br\/index.php?rest_route=%2Fwp%2Fv2%2Fcomments&post=35171"}],"version-history":[{"count":0,"href":"http:\/\/blitzconquista.com.br\/index.php?rest_route=\/wp\/v2\/posts\/35171\/revisions"}],"wp:featuredmedia":[{"embeddable":true,"href":"http:\/\/blitzconquista.com.br\/index.php?rest_route=\/wp\/v2\/media\/35172"}],"wp:attachment":[{"href":"http:\/\/blitzconquista.com.br\/index.php?rest_route=%2Fwp%2Fv2%2Fmedia&parent=35171"}],"wp:term":[{"taxonomy":"category","embeddable":true,"href":"http:\/\/blitzconquista.com.br\/index.php?rest_route=%2Fwp%2Fv2%2Fcategories&post=35171"},{"taxonomy":"post_tag","embeddable":true,"href":"http:\/\/blitzconquista.com.br\/index.php?rest_route=%2Fwp%2Fv2%2Ftags&post=35171"}],"curies":[{"name":"wp","href":"https:\/\/api.w.org\/{rel}","templated":true}]}}