{"id":37651,"date":"2015-07-09T01:25:03","date_gmt":"2015-07-09T04:25:03","guid":{"rendered":"http:\/\/blitzconquista.com.br\/?p=37651"},"modified":"2015-07-09T01:25:03","modified_gmt":"2015-07-09T04:25:03","slug":"entrega-da-academia-de-saude-do-bairro-brasil-sera-nesse-domingo-12","status":"publish","type":"post","link":"http:\/\/blitzconquista.com.br\/?p=37651","title":{"rendered":"Entrega da Academia de Sa\u00fade do bairro Brasil ser\u00e1 nesse domingo, 12"},"content":{"rendered":"<div id=\"stcpDiv\">\n<p><strong>A entrega da academia, localizada na Avenida Barreiras (pr\u00f3ximo \u00e0 Escola Municipal Ita David de Castro), acontece \u00e0s 9h<\/strong><\/p>\n<p>Com o objetivo de desenvolver a\u00e7\u00f5es voltadas para a promo\u00e7\u00e3o e preven\u00e7\u00e3o da sa\u00fade e redu\u00e7\u00e3o de mortes prematuras por doen\u00e7as cr\u00f4nicas n\u00e3o transmiss\u00edveis, a Prefeitura de Vit\u00f3ria da Conquista, por meio da Secretaria de Sa\u00fade, aderiu ao Programa Academia da Sa\u00fade do Minist\u00e9rio da Sa\u00fade. Como resultado dessa ades\u00e3o, o munic\u00edpio foi contemplado com duas academias.<\/p>\n<p>Uma delas, localizada na Avenida Barreiras, bairro Brasil, (pr\u00f3ximo \u00e0 Escola Municipal Ita David de Castro), conta com \u00e1rea externa de 450 m\u00b2 e \u00e1rea constru\u00edda de 112,55 m\u00b2. No local, a comunidade ter\u00e1 acesso a equipamentos de gin\u00e1stica, sala de conviv\u00eancia, sanit\u00e1rios, sala de acolhimento, \u00e1rea de circula\u00e7\u00e3o e \u00e1rea verde.<\/p>\n<p>Cerca de R$ 174 mil, oriundos do Governo Federal, foram investidos na constru\u00e7\u00e3o da Academia de Sa\u00fade, que atender\u00e1 aos moradores dos bairros Boa Esperan\u00e7a, Nossa Senhora de Lourdes, Santa Cruz, Urbis II e III, Santa Helena e Brasil.<\/p>\n<p>A entrega da Academia de Sa\u00fade do bairro Brasil acontece nesse domingo, 12, \u00e0s 9h e reunir\u00e1 membros do Executivo e Legislativo municipais e de pessoas da comunidade local. *Secom<\/p>\n<\/div>\n","protected":false},"excerpt":{"rendered":"<p>A entrega da academia, localizada na Avenida Barreiras (pr\u00f3ximo \u00e0 Escola Municipal Ita David de Castro), acontece \u00e0s 9h Com o objetivo de desenvolver a\u00e7\u00f5es voltadas para a promo\u00e7\u00e3o e preven\u00e7\u00e3o da sa\u00fade e redu\u00e7\u00e3o de mortes prematuras por doen\u00e7as cr\u00f4nicas n\u00e3o transmiss\u00edveis, a Prefeitura de Vit\u00f3ria da Conquista, por meio da Secretaria de Sa\u00fade, [&hellip;]<\/p>\n","protected":false},"author":1,"featured_media":37652,"comment_status":"open","ping_status":"closed","sticky":false,"template":"","format":"standard","meta":[],"categories":[5],"tags":[],"_links":{"self":[{"href":"http:\/\/blitzconquista.com.br\/index.php?rest_route=\/wp\/v2\/posts\/37651"}],"collection":[{"href":"http:\/\/blitzconquista.com.br\/index.php?rest_route=\/wp\/v2\/posts"}],"about":[{"href":"http:\/\/blitzconquista.com.br\/index.php?rest_route=\/wp\/v2\/types\/post"}],"author":[{"embeddable":true,"href":"http:\/\/blitzconquista.com.br\/index.php?rest_route=\/wp\/v2\/users\/1"}],"replies":[{"embeddable":true,"href":"http:\/\/blitzconquista.com.br\/index.php?rest_route=%2Fwp%2Fv2%2Fcomments&post=37651"}],"version-history":[{"count":0,"href":"http:\/\/blitzconquista.com.br\/index.php?rest_route=\/wp\/v2\/posts\/37651\/revisions"}],"wp:featuredmedia":[{"embeddable":true,"href":"http:\/\/blitzconquista.com.br\/index.php?rest_route=\/wp\/v2\/media\/37652"}],"wp:attachment":[{"href":"http:\/\/blitzconquista.com.br\/index.php?rest_route=%2Fwp%2Fv2%2Fmedia&parent=37651"}],"wp:term":[{"taxonomy":"category","embeddable":true,"href":"http:\/\/blitzconquista.com.br\/index.php?rest_route=%2Fwp%2Fv2%2Fcategories&post=37651"},{"taxonomy":"post_tag","embeddable":true,"href":"http:\/\/blitzconquista.com.br\/index.php?rest_route=%2Fwp%2Fv2%2Ftags&post=37651"}],"curies":[{"name":"wp","href":"https:\/\/api.w.org\/{rel}","templated":true}]}}