{"id":37654,"date":"2015-07-09T01:29:22","date_gmt":"2015-07-09T04:29:22","guid":{"rendered":"http:\/\/blitzconquista.com.br\/?p=37654"},"modified":"2015-07-09T01:29:22","modified_gmt":"2015-07-09T04:29:22","slug":"abandono-escolar-rede-estadual-sofre-com-ensino-medio-2014-tem-nova-elevacao","status":"publish","type":"post","link":"http:\/\/blitzconquista.com.br\/?p=37654","title":{"rendered":"Abandono escolar: Rede estadual sofre com Ensino M\u00e9dio; 2014 tem nova eleva\u00e7\u00e3o"},"content":{"rendered":"<div class=\"text-descricao\">\n<div id=\"cke_pastebin\">As taxas de abandono escolar no estado v\u00eam sofrendo redu\u00e7\u00e3o nos \u00faltimos cinco anos, mas ainda tem dois desafios: um novo aumento em 2014, ap\u00f3s quedas sucessivas, e os altos \u00edndices no Ensino M\u00e9dio. Segundo dados de levantamento realizado pelo Instituto Nacional de Estudos e Pesquisas Educacionais An\u00edsio Teixeira (Inep), vinculado ao Minist\u00e9rio da Educa\u00e7\u00e3o (MEC), a taxa de abandono ficou em 4,5% (Total Ensino Fundamental, considerando rede p\u00fablica e particular) e 10% (Total Ensino M\u00e9dio), enquanto em 2013 foi registrado, respectivamente, 4,4% e 8,6%, os n\u00edveis mais baixos desde 2010. O \u00edndice sofreu, no entanto, redu\u00e7\u00f5es bruscas no per\u00edodo. Em 2012, as taxas chegaram a 14,4% no M\u00e9dio e 5,5% no Fundamental. Em 2011, o Fundamental teve quase cinco vezes mais sa\u00edda de alunos das salas de aula, com 15% de desist\u00eancia, ultrapassando o M\u00e9dio, que registrou 14,9%. Em 2010, por\u00e9m, o Fundamental teve 6,6% de abandono, enquanto o M\u00e9dio estava no mesmo patamar, com 15,7%. Considerando apenas as escolas estaduais, o resultado \u201cespelha\u201d os \u00edndices globais no estado. Em 2014, foi verificado 6,8% no Fundamental e 11,1% no M\u00e9dio; em 2013, 5,4% e 9,3%. Em 2012, a diferen\u00e7a se amplia: 8,9% no Fundamental e 15,5% no M\u00e9dio. Em 2011, assim como o \u00edndice global, a eleva\u00e7\u00e3o novamente sai da curva: 25,2%, o equivalente a um quarto do corpo discente. No Ensino M\u00e9dio, a taxa foi de 15,7%.\n<\/div>\n<div id=\"cke_pastebin\">\n<figure style=\"width: 400px\" class=\"wp-caption aligncenter\"><img decoding=\"async\" loading=\"lazy\" src=\"http:\/\/www.bahianoticias.com.br\/ckfinder\/userfiles\/images\/400x217xalunos.jpg.pagespeed.ic.u92pqG474w.jpg\" alt=\"\" width=\"400\" height=\"217\" data-pagespeed-loaded=\"1\" data-pagespeed-onload=\"pagespeed.CriticalImages.checkImageForCriticality(this);\" \/><figcaption class=\"wp-caption-text\">Foto: GOV\/BA<\/figcaption><\/figure>\n<p>A perman\u00eancia dos alunos nas escolas estaduais \u00e9 inferior na compara\u00e7\u00e3o com a rede municipal de Salvador. Em rela\u00e7\u00e3o a rede municipal de todo estado, por\u00e9m, a diferen\u00e7a entre os \u00edndices n\u00e3o \u00e9 t\u00e3o grande. Em 2014, a sa\u00edda de alunos chegou a ser maior nas escolas municipais baianas (11,7%) do que nas estaduais (11,1%) de Ensino M\u00e9dio. No Ensino Fundamental, a rede estadual apresenta taxa maior: 6,8% contra 4,8%. Em 2013, a rela\u00e7\u00e3o se repete: no Fundamental, o resultado da rede estadual \u00e9 pior: 5,4% de abandono, enquanto as escolas municipais registram 4,9%. No Ensino M\u00e9dio, a rede municipal enfrenta maior dificuldade: 9,3% contra 12%. Em 2012, os \u00edndices foram, no Fundamental, 8,9% (Estaduais) e 5,6% (Municipais); e no M\u00e9dio, 15,5% (Estaduais) e 12,7% (Municipais). Em 2011, seguindo o padr\u00e3o apresentado, a diferen\u00e7a se amplia: as escolas municipais tiveram taxa de 14,3% de abandono no Fundamental, quase metade do encontrado na rede estadual (25,2%). No M\u00e9dio, as estaduais registraram a fuga de mais da metade dos alunos das municipais: 6,9% e 15,7% respectivamente. Em compara\u00e7\u00e3o com a rede particular, cujo \u00edndice varia entre 0,2 e 0,7 no per\u00edodo considerado, a diferen\u00e7a \u00e9 grande: no ano passado 0,3% dos alunos do Fundamental e 0,6% dos alunos do M\u00e9dio deixaram as escolas. Os n\u00fameros equivalem a 22,6 vezes menos do que o verificado na rede estadual na faixa do Fundamental e 18,5 vezes menos no Ensino M\u00e9dio. Em 2011, mesmo com a eleva\u00e7\u00e3o fora da m\u00e9dia nas escolas particulares \u2013 4,3% no Fundamental e 7,4% no M\u00e9dio \u2013 a separa\u00e7\u00e3o se mant\u00e9m: na rede estadual o \u00edndice foi 5,8 vezes maior no Fundamental e 2,1 vezes maior no M\u00e9dio. *Bahia Not\u00edcias<\/p><\/div>\n<\/div>\n","protected":false},"excerpt":{"rendered":"<p>As taxas de abandono escolar no estado v\u00eam sofrendo redu\u00e7\u00e3o nos \u00faltimos cinco anos, mas ainda tem dois desafios: um novo aumento em 2014, ap\u00f3s quedas sucessivas, e os altos \u00edndices no Ensino M\u00e9dio. Segundo dados de levantamento realizado pelo Instituto Nacional de Estudos e Pesquisas Educacionais An\u00edsio Teixeira (Inep), vinculado ao Minist\u00e9rio da Educa\u00e7\u00e3o [&hellip;]<\/p>\n","protected":false},"author":1,"featured_media":37655,"comment_status":"open","ping_status":"closed","sticky":false,"template":"","format":"standard","meta":[],"categories":[28],"tags":[],"_links":{"self":[{"href":"http:\/\/blitzconquista.com.br\/index.php?rest_route=\/wp\/v2\/posts\/37654"}],"collection":[{"href":"http:\/\/blitzconquista.com.br\/index.php?rest_route=\/wp\/v2\/posts"}],"about":[{"href":"http:\/\/blitzconquista.com.br\/index.php?rest_route=\/wp\/v2\/types\/post"}],"author":[{"embeddable":true,"href":"http:\/\/blitzconquista.com.br\/index.php?rest_route=\/wp\/v2\/users\/1"}],"replies":[{"embeddable":true,"href":"http:\/\/blitzconquista.com.br\/index.php?rest_route=%2Fwp%2Fv2%2Fcomments&post=37654"}],"version-history":[{"count":0,"href":"http:\/\/blitzconquista.com.br\/index.php?rest_route=\/wp\/v2\/posts\/37654\/revisions"}],"wp:featuredmedia":[{"embeddable":true,"href":"http:\/\/blitzconquista.com.br\/index.php?rest_route=\/wp\/v2\/media\/37655"}],"wp:attachment":[{"href":"http:\/\/blitzconquista.com.br\/index.php?rest_route=%2Fwp%2Fv2%2Fmedia&parent=37654"}],"wp:term":[{"taxonomy":"category","embeddable":true,"href":"http:\/\/blitzconquista.com.br\/index.php?rest_route=%2Fwp%2Fv2%2Fcategories&post=37654"},{"taxonomy":"post_tag","embeddable":true,"href":"http:\/\/blitzconquista.com.br\/index.php?rest_route=%2Fwp%2Fv2%2Ftags&post=37654"}],"curies":[{"name":"wp","href":"https:\/\/api.w.org\/{rel}","templated":true}]}}