{"id":37683,"date":"2015-07-09T23:20:20","date_gmt":"2015-07-10T02:20:20","guid":{"rendered":"http:\/\/blitzconquista.com.br\/?p=37683"},"modified":"2015-07-10T09:18:07","modified_gmt":"2015-07-10T12:18:07","slug":"transporte-coletivo-tres-estudantes-param-o-transito-na-av-regis-pacheco","status":"publish","type":"post","link":"http:\/\/blitzconquista.com.br\/?p=37683","title":{"rendered":"Transporte Coletivo: alguns estudantes param o tr\u00e2nsito na Av. R\u00e9gis Pacheco"},"content":{"rendered":"<p>Durante toda a quinta-feira, 09, alguns estudantes continuaram a protestar contra o aumento da tarifa do transporte coletivo. Apesar do numero reduzido de manifestantes, o transporte de passageiros e o tr\u00e1fego no Centro comercial ficaram comprometidos. Para evitar tumultos, o Simtrans bloqueou as vias de acesso ao terminal. Como os \u00f4nibus circularam em ruas alternativas, alguns estudantes sa\u00edram do terminal e interromperam o transito em outros locais. A Avenida R\u00e9gis Pacheco foi um deles. Apenas tr\u00eas secundaristas, em determinado momento, interromperam o tr\u00e1fego de \u00f4nibus na avenida, sentido Integra\u00e7\u00e3o. Nas demais dire\u00e7\u00f5es, outros poucos tamb\u00e9m impediram a passagem dos coletivos. Eles colocaram cadeiras na faixa de pedestre do sem\u00e1foro do cruzamento com a Av. Cresc\u00eancio Silveira.<\/p>\n","protected":false},"excerpt":{"rendered":"<p>Durante toda a quinta-feira, 09, alguns estudantes continuaram a protestar contra o aumento da tarifa do transporte coletivo. Apesar do numero reduzido de manifestantes, o transporte de passageiros e o tr\u00e1fego no Centro comercial ficaram comprometidos. Para evitar tumultos, o Simtrans bloqueou as vias de acesso ao terminal. Como os \u00f4nibus circularam em ruas alternativas, [&hellip;]<\/p>\n","protected":false},"author":1,"featured_media":37684,"comment_status":"open","ping_status":"closed","sticky":false,"template":"","format":"standard","meta":[],"categories":[7],"tags":[],"_links":{"self":[{"href":"http:\/\/blitzconquista.com.br\/index.php?rest_route=\/wp\/v2\/posts\/37683"}],"collection":[{"href":"http:\/\/blitzconquista.com.br\/index.php?rest_route=\/wp\/v2\/posts"}],"about":[{"href":"http:\/\/blitzconquista.com.br\/index.php?rest_route=\/wp\/v2\/types\/post"}],"author":[{"embeddable":true,"href":"http:\/\/blitzconquista.com.br\/index.php?rest_route=\/wp\/v2\/users\/1"}],"replies":[{"embeddable":true,"href":"http:\/\/blitzconquista.com.br\/index.php?rest_route=%2Fwp%2Fv2%2Fcomments&post=37683"}],"version-history":[{"count":0,"href":"http:\/\/blitzconquista.com.br\/index.php?rest_route=\/wp\/v2\/posts\/37683\/revisions"}],"wp:featuredmedia":[{"embeddable":true,"href":"http:\/\/blitzconquista.com.br\/index.php?rest_route=\/wp\/v2\/media\/37684"}],"wp:attachment":[{"href":"http:\/\/blitzconquista.com.br\/index.php?rest_route=%2Fwp%2Fv2%2Fmedia&parent=37683"}],"wp:term":[{"taxonomy":"category","embeddable":true,"href":"http:\/\/blitzconquista.com.br\/index.php?rest_route=%2Fwp%2Fv2%2Fcategories&post=37683"},{"taxonomy":"post_tag","embeddable":true,"href":"http:\/\/blitzconquista.com.br\/index.php?rest_route=%2Fwp%2Fv2%2Ftags&post=37683"}],"curies":[{"name":"wp","href":"https:\/\/api.w.org\/{rel}","templated":true}]}}