{"id":37686,"date":"2015-07-09T23:22:19","date_gmt":"2015-07-10T02:22:19","guid":{"rendered":"http:\/\/blitzconquista.com.br\/?p=37686"},"modified":"2015-07-09T23:22:19","modified_gmt":"2015-07-10T02:22:19","slug":"uesb-promove-palestra-voz-cantada-tecnica-e-fisiologia","status":"publish","type":"post","link":"http:\/\/blitzconquista.com.br\/?p=37686","title":{"rendered":"UESB promove palestra \u201cVoz cantada: T\u00e9cnica e Fisiologia\u201d"},"content":{"rendered":"<p>No pr\u00f3ximo s\u00e1bado, 11, a Coordena\u00e7\u00e3o de Cultura ir\u00e1 promover a palestra \u201cVoz cantada:<\/p>\n<p>T\u00e9cnica e Fisiologia\u201d, ministrada pela regente do Coral Uesb, Bruna Garofalo. A atividade<\/p>\n<p>ser\u00e1 realizada das 15h30 \u00e0s 18 horas no Audit\u00f3rio do M\u00f3dulo 4, campus de Vit\u00f3ria da<\/p>\n<p>Conquista. A programa\u00e7\u00e3o do evento tratar\u00e1 sobre os temas: anatomia e produ\u00e7\u00e3o vocal, sa\u00fade vocal, voz normal e disfonias, canto popular, canto erudito, mitos da voz cantada, caracter\u00edsticas naturais da voz. Al\u00e9m das discuss\u00f5es, a a\u00e7\u00e3o prop\u00f5e a pr\u00e1tica de exerc\u00edcios vocais que possam desenvolver tamb\u00e9m a express\u00e3o corporal\/vocal. A atividade \u00e9 gratuita e toda comunidade \u00e9 convidada a participar. Para mais informa\u00e7\u00f5es, entre em contato com a Coordena\u00e7\u00e3o atrav\u00e9s do n\u00famero (77) 3425-9363.<\/p>\n","protected":false},"excerpt":{"rendered":"<p>No pr\u00f3ximo s\u00e1bado, 11, a Coordena\u00e7\u00e3o de Cultura ir\u00e1 promover a palestra \u201cVoz cantada: T\u00e9cnica e Fisiologia\u201d, ministrada pela regente do Coral Uesb, Bruna Garofalo. A atividade ser\u00e1 realizada das 15h30 \u00e0s 18 horas no Audit\u00f3rio do M\u00f3dulo 4, campus de Vit\u00f3ria da Conquista. A programa\u00e7\u00e3o do evento tratar\u00e1 sobre os temas: anatomia e produ\u00e7\u00e3o [&hellip;]<\/p>\n","protected":false},"author":1,"featured_media":31761,"comment_status":"open","ping_status":"closed","sticky":false,"template":"","format":"standard","meta":[],"categories":[28],"tags":[],"_links":{"self":[{"href":"http:\/\/blitzconquista.com.br\/index.php?rest_route=\/wp\/v2\/posts\/37686"}],"collection":[{"href":"http:\/\/blitzconquista.com.br\/index.php?rest_route=\/wp\/v2\/posts"}],"about":[{"href":"http:\/\/blitzconquista.com.br\/index.php?rest_route=\/wp\/v2\/types\/post"}],"author":[{"embeddable":true,"href":"http:\/\/blitzconquista.com.br\/index.php?rest_route=\/wp\/v2\/users\/1"}],"replies":[{"embeddable":true,"href":"http:\/\/blitzconquista.com.br\/index.php?rest_route=%2Fwp%2Fv2%2Fcomments&post=37686"}],"version-history":[{"count":0,"href":"http:\/\/blitzconquista.com.br\/index.php?rest_route=\/wp\/v2\/posts\/37686\/revisions"}],"wp:featuredmedia":[{"embeddable":true,"href":"http:\/\/blitzconquista.com.br\/index.php?rest_route=\/wp\/v2\/media\/31761"}],"wp:attachment":[{"href":"http:\/\/blitzconquista.com.br\/index.php?rest_route=%2Fwp%2Fv2%2Fmedia&parent=37686"}],"wp:term":[{"taxonomy":"category","embeddable":true,"href":"http:\/\/blitzconquista.com.br\/index.php?rest_route=%2Fwp%2Fv2%2Fcategories&post=37686"},{"taxonomy":"post_tag","embeddable":true,"href":"http:\/\/blitzconquista.com.br\/index.php?rest_route=%2Fwp%2Fv2%2Ftags&post=37686"}],"curies":[{"name":"wp","href":"https:\/\/api.w.org\/{rel}","templated":true}]}}