{"id":37701,"date":"2015-07-10T00:13:01","date_gmt":"2015-07-10T03:13:01","guid":{"rendered":"http:\/\/blitzconquista.com.br\/?p=37701"},"modified":"2015-07-10T00:13:01","modified_gmt":"2015-07-10T03:13:01","slug":"mesa-diretora-e-lideres-de-bancada-querem-rediscutir-reducao-de-iss-para-transporte-coletivo-vereadores-falam-em-saida-da-viacao-vitoria","status":"publish","type":"post","link":"http:\/\/blitzconquista.com.br\/?p=37701","title":{"rendered":"Mesa diretora e l\u00edderes de bancada querem rediscutir redu\u00e7\u00e3o de ISS para transporte Coletivo; vereadores falam em sa\u00edda da Via\u00e7\u00e3o Vit\u00f3ria"},"content":{"rendered":"<p>Ap\u00f3s o Executivo enviar o projeto de redu\u00e7\u00e3o do Imposto Sobre Servi\u00e7o que incide sobre o servi\u00e7o do transporte coletivo e o legislativo apontar para rejei\u00e7\u00e3o da proposta, conforme o texto original, o executivo retirou o projeto. Entretanto, nesta quinta-feira, 09, a mesa diretora da C\u00e2mara e os l\u00edderes das bancadas de situa\u00e7\u00e3o e oposi\u00e7\u00e3o convocaram uma entrevista coletiva para informarem que est\u00e3o dispostos a debater o projeto com o executivo e com a sociedade. Segundo a corte legislativa conquistense, a c\u00e2mara est\u00e1 atenta aos anseios da popula\u00e7\u00e3o e diante dos protestos se faz necess\u00e1rio a volta da discuss\u00e3o da redu\u00e7\u00e3o do imposto de 5% para 2%.<\/p>\n<p>Durante a coletiva liderada pelo presidente da Casa, Gilzete Moreira (PSB), os vereadores foram claros em atribuir ao executivo a culpa por n\u00e3o discutirem a proposta do Projeto de Lei, pois o Legislativo teria condicionado a aprova\u00e7\u00e3o ao n\u00e3o reajuste da tarifa para os pr\u00f3ximos 12 meses.<\/p>\n<p><img decoding=\"async\" loading=\"lazy\" class=\" size-full wp-image-37702 aligncenter\" src=\"http:\/\/blitzconquista.com.br\/wp-content\/uploads\/2015\/07\/DSC_0302.jpg\" alt=\"DSC_0302\" width=\"680\" height=\"450\" srcset=\"http:\/\/blitzconquista.com.br\/wp-content\/uploads\/2015\/07\/DSC_0302.jpg 680w, http:\/\/blitzconquista.com.br\/wp-content\/uploads\/2015\/07\/DSC_0302-300x199.jpg 300w\" sizes=\"(max-width: 680px) 100vw, 680px\" \/><\/p>\n<p>Sobre o calote da Via\u00e7\u00e3o Vit\u00f3ria, que n\u00e3o tem pagado a outorga, os legisladores afirmaram que se o contrato n\u00e3o est\u00e1 sendo cumprido a empresa deve ser desabilitada. O vereador Florisvaldo Bittencourt (PT) afirmou que o Governo acionou a empresa na justi\u00e7a, mas disse que n\u00e3o \u00e9 o suficiente. Bittencourt afirma que \u00e9 necess\u00e1ria a interven\u00e7\u00e3o administrativa e a sa\u00edda da empresa. A fala do vereador foi fortalecida pelos outros presentes na reuni\u00e3o.<\/p>\n<p><img decoding=\"async\" loading=\"lazy\" class=\" size-full wp-image-37704 aligncenter\" src=\"http:\/\/blitzconquista.com.br\/wp-content\/uploads\/2015\/07\/DSC_0316.jpg\" alt=\"DSC_0316\" width=\"680\" height=\"418\" srcset=\"http:\/\/blitzconquista.com.br\/wp-content\/uploads\/2015\/07\/DSC_0316.jpg 680w, http:\/\/blitzconquista.com.br\/wp-content\/uploads\/2015\/07\/DSC_0316-300x184.jpg 300w\" sizes=\"(max-width: 680px) 100vw, 680px\" \/><\/p>\n<p>Os representantes do legislativo informaram que um documento foi enviado ao executivo municipal e aguardam a reposta positiva para que a redu\u00e7\u00e3o do ISS e consequentemente da tarifa possam ocorrer.<\/p>\n","protected":false},"excerpt":{"rendered":"<p>Ap\u00f3s o Executivo enviar o projeto de redu\u00e7\u00e3o do Imposto Sobre Servi\u00e7o que incide sobre o servi\u00e7o do transporte coletivo e o legislativo apontar para rejei\u00e7\u00e3o da proposta, conforme o texto original, o executivo retirou o projeto. Entretanto, nesta quinta-feira, 09, a mesa diretora da C\u00e2mara e os l\u00edderes das bancadas de situa\u00e7\u00e3o e oposi\u00e7\u00e3o [&hellip;]<\/p>\n","protected":false},"author":1,"featured_media":37703,"comment_status":"open","ping_status":"closed","sticky":false,"template":"","format":"standard","meta":[],"categories":[5],"tags":[],"_links":{"self":[{"href":"http:\/\/blitzconquista.com.br\/index.php?rest_route=\/wp\/v2\/posts\/37701"}],"collection":[{"href":"http:\/\/blitzconquista.com.br\/index.php?rest_route=\/wp\/v2\/posts"}],"about":[{"href":"http:\/\/blitzconquista.com.br\/index.php?rest_route=\/wp\/v2\/types\/post"}],"author":[{"embeddable":true,"href":"http:\/\/blitzconquista.com.br\/index.php?rest_route=\/wp\/v2\/users\/1"}],"replies":[{"embeddable":true,"href":"http:\/\/blitzconquista.com.br\/index.php?rest_route=%2Fwp%2Fv2%2Fcomments&post=37701"}],"version-history":[{"count":0,"href":"http:\/\/blitzconquista.com.br\/index.php?rest_route=\/wp\/v2\/posts\/37701\/revisions"}],"wp:featuredmedia":[{"embeddable":true,"href":"http:\/\/blitzconquista.com.br\/index.php?rest_route=\/wp\/v2\/media\/37703"}],"wp:attachment":[{"href":"http:\/\/blitzconquista.com.br\/index.php?rest_route=%2Fwp%2Fv2%2Fmedia&parent=37701"}],"wp:term":[{"taxonomy":"category","embeddable":true,"href":"http:\/\/blitzconquista.com.br\/index.php?rest_route=%2Fwp%2Fv2%2Fcategories&post=37701"},{"taxonomy":"post_tag","embeddable":true,"href":"http:\/\/blitzconquista.com.br\/index.php?rest_route=%2Fwp%2Fv2%2Ftags&post=37701"}],"curies":[{"name":"wp","href":"https:\/\/api.w.org\/{rel}","templated":true}]}}