{"id":37729,"date":"2015-07-10T14:48:45","date_gmt":"2015-07-10T17:48:45","guid":{"rendered":"http:\/\/blitzconquista.com.br\/?p=37729"},"modified":"2015-07-10T14:48:45","modified_gmt":"2015-07-10T17:48:45","slug":"arlindo-diz-que-oposicao-sera-maioria-na-camara","status":"publish","type":"post","link":"http:\/\/blitzconquista.com.br\/?p=37729","title":{"rendered":"Arlindo diz que oposi\u00e7\u00e3o ser\u00e1 maioria na C\u00e2mara"},"content":{"rendered":"<p>Durante a coletiva realizada pela mesa diretora e l\u00edderes das bancadas da C\u00e2mara de vereadores, o opositor Arlindo Rebou\u00e7as (PROS), como de costume, n\u00e3o perdeu a oportunidade para alfinetar a situa\u00e7\u00e3o. O republicano declarou que a oposi\u00e7\u00e3o segue para ser maioria na casa. Para refor\u00e7ar o discurso do opositor, o l\u00edder da bancada de situa\u00e7\u00e3o, Florisvaldo Bittencourt (PT), afirmou para os que estavam pr\u00f3ximos, que o Governo est\u00e1 trabalhando para isso. Nesta semana, a lideran\u00e7a do Partido dos Trabalhadores arquivou um pedido para que o vereador petista fosse expulso da sigla. A decis\u00e3o teria ocorrido ap\u00f3s uma reuni\u00e3o em que o petista teria reconhecido estava agindo agressivamente com o governo. Ele teria deixado subentendido que amenizaria as cr\u00edticas, o que aparentemente n\u00e3o tem ocorrido.<\/p>\n","protected":false},"excerpt":{"rendered":"<p>Durante a coletiva realizada pela mesa diretora e l\u00edderes das bancadas da C\u00e2mara de vereadores, o opositor Arlindo Rebou\u00e7as (PROS), como de costume, n\u00e3o perdeu a oportunidade para alfinetar a situa\u00e7\u00e3o. O republicano declarou que a oposi\u00e7\u00e3o segue para ser maioria na casa. Para refor\u00e7ar o discurso do opositor, o l\u00edder da bancada de situa\u00e7\u00e3o, [&hellip;]<\/p>\n","protected":false},"author":1,"featured_media":37730,"comment_status":"open","ping_status":"closed","sticky":false,"template":"","format":"standard","meta":[],"categories":[5],"tags":[],"_links":{"self":[{"href":"http:\/\/blitzconquista.com.br\/index.php?rest_route=\/wp\/v2\/posts\/37729"}],"collection":[{"href":"http:\/\/blitzconquista.com.br\/index.php?rest_route=\/wp\/v2\/posts"}],"about":[{"href":"http:\/\/blitzconquista.com.br\/index.php?rest_route=\/wp\/v2\/types\/post"}],"author":[{"embeddable":true,"href":"http:\/\/blitzconquista.com.br\/index.php?rest_route=\/wp\/v2\/users\/1"}],"replies":[{"embeddable":true,"href":"http:\/\/blitzconquista.com.br\/index.php?rest_route=%2Fwp%2Fv2%2Fcomments&post=37729"}],"version-history":[{"count":0,"href":"http:\/\/blitzconquista.com.br\/index.php?rest_route=\/wp\/v2\/posts\/37729\/revisions"}],"wp:featuredmedia":[{"embeddable":true,"href":"http:\/\/blitzconquista.com.br\/index.php?rest_route=\/wp\/v2\/media\/37730"}],"wp:attachment":[{"href":"http:\/\/blitzconquista.com.br\/index.php?rest_route=%2Fwp%2Fv2%2Fmedia&parent=37729"}],"wp:term":[{"taxonomy":"category","embeddable":true,"href":"http:\/\/blitzconquista.com.br\/index.php?rest_route=%2Fwp%2Fv2%2Fcategories&post=37729"},{"taxonomy":"post_tag","embeddable":true,"href":"http:\/\/blitzconquista.com.br\/index.php?rest_route=%2Fwp%2Fv2%2Ftags&post=37729"}],"curies":[{"name":"wp","href":"https:\/\/api.w.org\/{rel}","templated":true}]}}