{"id":37736,"date":"2015-07-11T14:44:07","date_gmt":"2015-07-11T17:44:07","guid":{"rendered":"http:\/\/blitzconquista.com.br\/?p=37736"},"modified":"2015-07-11T14:44:07","modified_gmt":"2015-07-11T17:44:07","slug":"dois-acidentes-consecutivos-e-uma-morte","status":"publish","type":"post","link":"http:\/\/blitzconquista.com.br\/?p=37736","title":{"rendered":"Dois acidentes consecutivos e uma morte"},"content":{"rendered":"<p>Dois acidentes ocorridos na noite desta sexta-feira, 10, na BA 265 (estrada da Barra) resultou com uma v\u00edtima fatal e tr\u00eas pessoas feridas.<\/p>\n<p><img decoding=\"async\" loading=\"lazy\" class=\" size-full wp-image-37739 aligncenter\" src=\"http:\/\/blitzconquista.com.br\/wp-content\/uploads\/2015\/07\/DSC_0345.jpg\" alt=\"DSC_0345\" width=\"680\" height=\"450\" srcset=\"http:\/\/blitzconquista.com.br\/wp-content\/uploads\/2015\/07\/DSC_0345.jpg 680w, http:\/\/blitzconquista.com.br\/wp-content\/uploads\/2015\/07\/DSC_0345-300x199.jpg 300w\" sizes=\"(max-width: 680px) 100vw, 680px\" \/><\/p>\n<p>O primeiro aconteceu quando o condutor de um VW Gol seguindo em dire\u00e7\u00e3o a Vit\u00f3ria da Conquista, em frente ao Alphaville, colidiu no fundo de uma carro\u00e7a e capotou.<\/p>\n<p><img decoding=\"async\" loading=\"lazy\" class=\" size-full wp-image-37738 aligncenter\" src=\"http:\/\/blitzconquista.com.br\/wp-content\/uploads\/2015\/07\/DSC_0342.jpg\" alt=\"DSC_0342\" width=\"680\" height=\"450\" srcset=\"http:\/\/blitzconquista.com.br\/wp-content\/uploads\/2015\/07\/DSC_0342.jpg 680w, http:\/\/blitzconquista.com.br\/wp-content\/uploads\/2015\/07\/DSC_0342-300x199.jpg 300w\" sizes=\"(max-width: 680px) 100vw, 680px\" \/><\/p>\n<p>A falta de ilumina\u00e7\u00e3o na rodovia e de faixa luminosa na carro\u00e7a teriam impedido o motorista de antecipar-se e evitar a colis\u00e3o. O carroceiro foi socorrido pelo Samu 192 e encaminhado ao hospital em estado grave.<br \/>\nEnquanto a Pol\u00edcia Rodovi\u00e1ria Estadual realizava a libera\u00e7\u00e3o da pista, come\u00e7ou a formar um congestionamento e um carro, que tamb\u00e9m seguia em dire\u00e7\u00e3o a Conquista, com velocidade incompat\u00edvel, n\u00e3o conseguiu parar e atingiu a traseira de uma motocicleta com duas pessoas.<\/p>\n<p><img decoding=\"async\" loading=\"lazy\" class=\" size-full wp-image-37744 aligncenter\" src=\"http:\/\/blitzconquista.com.br\/wp-content\/uploads\/2015\/07\/DSC_0359.jpg\" alt=\"DSC_0359\" width=\"680\" height=\"450\" srcset=\"http:\/\/blitzconquista.com.br\/wp-content\/uploads\/2015\/07\/DSC_0359.jpg 680w, http:\/\/blitzconquista.com.br\/wp-content\/uploads\/2015\/07\/DSC_0359-300x199.jpg 300w\" sizes=\"(max-width: 680px) 100vw, 680px\" \/><\/p>\n<p>Com a for\u00e7a da batida as v\u00edtimas foram lan\u00e7adas a mais de 20 metros do local de impacto.<\/p>\n<p><img decoding=\"async\" loading=\"lazy\" class=\" size-full wp-image-37741 aligncenter\" src=\"http:\/\/blitzconquista.com.br\/wp-content\/uploads\/2015\/07\/DSC_0350.jpg\" alt=\"DSC_0350\" width=\"680\" height=\"450\" srcset=\"http:\/\/blitzconquista.com.br\/wp-content\/uploads\/2015\/07\/DSC_0350.jpg 680w, http:\/\/blitzconquista.com.br\/wp-content\/uploads\/2015\/07\/DSC_0350-300x199.jpg 300w\" sizes=\"(max-width: 680px) 100vw, 680px\" \/><\/p>\n<p>Joandro Rocha Santos, 19 anos, morreu no local. A outra v\u00edtima e o condutor do ve\u00edculo foram socorridos pelo Samu 192 e levados para o hospital.<\/p>\n<p><img decoding=\"async\" loading=\"lazy\" class=\" size-full wp-image-37743 aligncenter\" src=\"http:\/\/blitzconquista.com.br\/wp-content\/uploads\/2015\/07\/DSC_0357.jpg\" alt=\"DSC_0357\" width=\"680\" height=\"450\" srcset=\"http:\/\/blitzconquista.com.br\/wp-content\/uploads\/2015\/07\/DSC_0357.jpg 680w, http:\/\/blitzconquista.com.br\/wp-content\/uploads\/2015\/07\/DSC_0357-300x199.jpg 300w\" sizes=\"(max-width: 680px) 100vw, 680px\" \/><br \/>\nNa mesma rodovia ocorreu um acidente horas antes que deixou cinco pessoas feridas.<\/p>\n<p><img decoding=\"async\" loading=\"lazy\" class=\" size-full wp-image-37742 aligncenter\" src=\"http:\/\/blitzconquista.com.br\/wp-content\/uploads\/2015\/07\/DSC_0352.jpg\" alt=\"DSC_0352\" width=\"680\" height=\"450\" srcset=\"http:\/\/blitzconquista.com.br\/wp-content\/uploads\/2015\/07\/DSC_0352.jpg 680w, http:\/\/blitzconquista.com.br\/wp-content\/uploads\/2015\/07\/DSC_0352-300x199.jpg 300w\" sizes=\"(max-width: 680px) 100vw, 680px\" \/><\/p>\n","protected":false},"excerpt":{"rendered":"<p>Dois acidentes ocorridos na noite desta sexta-feira, 10, na BA 265 (estrada da Barra) resultou com uma v\u00edtima fatal e tr\u00eas pessoas feridas. O primeiro aconteceu quando o condutor de um VW Gol seguindo em dire\u00e7\u00e3o a Vit\u00f3ria da Conquista, em frente ao Alphaville, colidiu no fundo de uma carro\u00e7a e capotou. A falta de [&hellip;]<\/p>\n","protected":false},"author":1,"featured_media":37740,"comment_status":"open","ping_status":"closed","sticky":false,"template":"","format":"standard","meta":[],"categories":[7],"tags":[],"_links":{"self":[{"href":"http:\/\/blitzconquista.com.br\/index.php?rest_route=\/wp\/v2\/posts\/37736"}],"collection":[{"href":"http:\/\/blitzconquista.com.br\/index.php?rest_route=\/wp\/v2\/posts"}],"about":[{"href":"http:\/\/blitzconquista.com.br\/index.php?rest_route=\/wp\/v2\/types\/post"}],"author":[{"embeddable":true,"href":"http:\/\/blitzconquista.com.br\/index.php?rest_route=\/wp\/v2\/users\/1"}],"replies":[{"embeddable":true,"href":"http:\/\/blitzconquista.com.br\/index.php?rest_route=%2Fwp%2Fv2%2Fcomments&post=37736"}],"version-history":[{"count":0,"href":"http:\/\/blitzconquista.com.br\/index.php?rest_route=\/wp\/v2\/posts\/37736\/revisions"}],"wp:featuredmedia":[{"embeddable":true,"href":"http:\/\/blitzconquista.com.br\/index.php?rest_route=\/wp\/v2\/media\/37740"}],"wp:attachment":[{"href":"http:\/\/blitzconquista.com.br\/index.php?rest_route=%2Fwp%2Fv2%2Fmedia&parent=37736"}],"wp:term":[{"taxonomy":"category","embeddable":true,"href":"http:\/\/blitzconquista.com.br\/index.php?rest_route=%2Fwp%2Fv2%2Fcategories&post=37736"},{"taxonomy":"post_tag","embeddable":true,"href":"http:\/\/blitzconquista.com.br\/index.php?rest_route=%2Fwp%2Fv2%2Ftags&post=37736"}],"curies":[{"name":"wp","href":"https:\/\/api.w.org\/{rel}","templated":true}]}}