{"id":37751,"date":"2015-07-11T14:55:51","date_gmt":"2015-07-11T17:55:51","guid":{"rendered":"http:\/\/blitzconquista.com.br\/?p=37751"},"modified":"2015-07-11T14:55:51","modified_gmt":"2015-07-11T17:55:51","slug":"bebida-e-direcao-nao-combinam-um-morto-e-um-ferido-em-capotamento-no-anel-rodoviario-de-vitoria-da-conquista","status":"publish","type":"post","link":"http:\/\/blitzconquista.com.br\/?p=37751","title":{"rendered":"Bebida e dire\u00e7\u00e3o n\u00e3o combinam: um morto e um ferido em capotamento no Anel Rodovi\u00e1rio de Vit\u00f3ria da Conquista"},"content":{"rendered":"<p>Uma pessoa morreu e outra ficou ferida numa colis\u00e3o seguida de capotamento no Km 02 do Anel Rodovi\u00e1rio de Vit\u00f3ria da Conquista. O fato ocorreu por volta das 23h30 desta sexta-feira, 10.<\/p>\n<p><img decoding=\"async\" loading=\"lazy\" class=\" size-full wp-image-37749 aligncenter\" src=\"http:\/\/blitzconquista.com.br\/wp-content\/uploads\/2015\/07\/DSC_0371.jpg\" alt=\"DSC_0371\" width=\"680\" height=\"450\" srcset=\"http:\/\/blitzconquista.com.br\/wp-content\/uploads\/2015\/07\/DSC_0371.jpg 680w, http:\/\/blitzconquista.com.br\/wp-content\/uploads\/2015\/07\/DSC_0371-300x199.jpg 300w\" sizes=\"(max-width: 680px) 100vw, 680px\" \/><br \/>\nO ve\u00edculo com as v\u00edtimas tinha acabado de sair do bairro Bruno Barcelar e seguia em dire\u00e7\u00e3o a BR 116 sul quando saiu da m\u00e3o de dire\u00e7\u00e3o, bateu no pneu traseiro de um caminh\u00e3o, que trafegava no sentido oposto, e capotou por v\u00e1rias vezes.<\/p>\n<p><img decoding=\"async\" loading=\"lazy\" class=\" size-full wp-image-37746 aligncenter\" src=\"http:\/\/blitzconquista.com.br\/wp-content\/uploads\/2015\/07\/DSC_0365.jpg\" alt=\"DSC_0365\" width=\"680\" height=\"450\" srcset=\"http:\/\/blitzconquista.com.br\/wp-content\/uploads\/2015\/07\/DSC_0365.jpg 680w, http:\/\/blitzconquista.com.br\/wp-content\/uploads\/2015\/07\/DSC_0365-300x199.jpg 300w\" sizes=\"(max-width: 680px) 100vw, 680px\" \/><br \/>\nUma das v\u00edtimas, Jean Rodrigues da Silva, de 43 anos, foi projetado para fora do ve\u00edculo e teve morte instant\u00e2nea.<\/p>\n<figure id=\"attachment_37752\" aria-describedby=\"caption-attachment-37752\" style=\"width: 333px\" class=\"wp-caption aligncenter\"><img decoding=\"async\" loading=\"lazy\" class=\"wp-image-37752 size-full\" src=\"http:\/\/blitzconquista.com.br\/wp-content\/uploads\/2015\/07\/An989MQo_v0gjts_fYPEZuJ-mIX00aCskOCz8jFHixip.jpg\" alt=\"An989MQo_v0gjts_fYPEZuJ-mIX00aCskOCz8jFHixip\" width=\"333\" height=\"379\" srcset=\"http:\/\/blitzconquista.com.br\/wp-content\/uploads\/2015\/07\/An989MQo_v0gjts_fYPEZuJ-mIX00aCskOCz8jFHixip.jpg 333w, http:\/\/blitzconquista.com.br\/wp-content\/uploads\/2015\/07\/An989MQo_v0gjts_fYPEZuJ-mIX00aCskOCz8jFHixip-264x300.jpg 264w\" sizes=\"(max-width: 333px) 100vw, 333px\" \/><figcaption id=\"caption-attachment-37752\" class=\"wp-caption-text\">Jean Rodrigues da Silva, de 43 anos<\/figcaption><\/figure>\n<p>A segunda v\u00edtima sofreu ferimentos leves. De acordo com familiares, os dois ocupantes do autom\u00f3vel tinham consumido bebida alco\u00f3lica.<\/p>\n<p><img decoding=\"async\" loading=\"lazy\" class=\" size-full wp-image-37748 aligncenter\" src=\"http:\/\/blitzconquista.com.br\/wp-content\/uploads\/2015\/07\/DSC_0370.jpg\" alt=\"DSC_0370\" width=\"680\" height=\"450\" srcset=\"http:\/\/blitzconquista.com.br\/wp-content\/uploads\/2015\/07\/DSC_0370.jpg 680w, http:\/\/blitzconquista.com.br\/wp-content\/uploads\/2015\/07\/DSC_0370-300x199.jpg 300w\" sizes=\"(max-width: 680px) 100vw, 680px\" \/><\/p>\n<p>Inclusive, teria sido constatado que o sobrevivente estava alcoolizado, por\u00e9m n\u00e3o ser\u00e1 poss\u00edvel afirmar quem conduzia o carro.<\/p>\n","protected":false},"excerpt":{"rendered":"<p>Uma pessoa morreu e outra ficou ferida numa colis\u00e3o seguida de capotamento no Km 02 do Anel Rodovi\u00e1rio de Vit\u00f3ria da Conquista. O fato ocorreu por volta das 23h30 desta sexta-feira, 10. O ve\u00edculo com as v\u00edtimas tinha acabado de sair do bairro Bruno Barcelar e seguia em dire\u00e7\u00e3o a BR 116 sul quando saiu [&hellip;]<\/p>\n","protected":false},"author":1,"featured_media":37745,"comment_status":"open","ping_status":"closed","sticky":false,"template":"","format":"standard","meta":[],"categories":[7],"tags":[],"_links":{"self":[{"href":"http:\/\/blitzconquista.com.br\/index.php?rest_route=\/wp\/v2\/posts\/37751"}],"collection":[{"href":"http:\/\/blitzconquista.com.br\/index.php?rest_route=\/wp\/v2\/posts"}],"about":[{"href":"http:\/\/blitzconquista.com.br\/index.php?rest_route=\/wp\/v2\/types\/post"}],"author":[{"embeddable":true,"href":"http:\/\/blitzconquista.com.br\/index.php?rest_route=\/wp\/v2\/users\/1"}],"replies":[{"embeddable":true,"href":"http:\/\/blitzconquista.com.br\/index.php?rest_route=%2Fwp%2Fv2%2Fcomments&post=37751"}],"version-history":[{"count":0,"href":"http:\/\/blitzconquista.com.br\/index.php?rest_route=\/wp\/v2\/posts\/37751\/revisions"}],"wp:featuredmedia":[{"embeddable":true,"href":"http:\/\/blitzconquista.com.br\/index.php?rest_route=\/wp\/v2\/media\/37745"}],"wp:attachment":[{"href":"http:\/\/blitzconquista.com.br\/index.php?rest_route=%2Fwp%2Fv2%2Fmedia&parent=37751"}],"wp:term":[{"taxonomy":"category","embeddable":true,"href":"http:\/\/blitzconquista.com.br\/index.php?rest_route=%2Fwp%2Fv2%2Fcategories&post=37751"},{"taxonomy":"post_tag","embeddable":true,"href":"http:\/\/blitzconquista.com.br\/index.php?rest_route=%2Fwp%2Fv2%2Ftags&post=37751"}],"curies":[{"name":"wp","href":"https:\/\/api.w.org\/{rel}","templated":true}]}}