{"id":37766,"date":"2015-07-13T00:28:51","date_gmt":"2015-07-13T03:28:51","guid":{"rendered":"http:\/\/blitzconquista.com.br\/?p=37766"},"modified":"2015-07-13T00:28:51","modified_gmt":"2015-07-13T03:28:51","slug":"prefeitura-municipal-entrega-academia-de-saude-do-bairro-brasil","status":"publish","type":"post","link":"http:\/\/blitzconquista.com.br\/?p=37766","title":{"rendered":"Prefeitura Municipal entrega Academia de Sa\u00fade do bairro Brasil"},"content":{"rendered":"<div id=\"stcpDiv\">\n<p>Moradores do bairro Brasil e adjac\u00eancias comemoraram, na manh\u00e3 deste domingo, 12, a entrega de mais um equipamento p\u00fablico: a Academia de Sa\u00fade. O servi\u00e7o, que funciona na Avenida Barreiras, pr\u00f3ximo \u00e0 Escola Municipal Ita David de Castro, \u00e9 o resultado da ades\u00e3o, feita pelo Governo Municipal ao Programa Academia da Sa\u00fade do Minist\u00e9rio da Sa\u00fade.<\/p>\n<p>No espa\u00e7o, ser\u00e3o desenvolvidas a\u00e7\u00f5es voltadas para a promo\u00e7\u00e3o e preven\u00e7\u00e3o da sa\u00fade e redu\u00e7\u00e3o de mortes prematuras por doen\u00e7as cr\u00f4nicas n\u00e3o transmiss\u00edveis. Profissionais de nutri\u00e7\u00e3o, educa\u00e7\u00e3o f\u00edsica, al\u00e9m de outros profissionais da equipe do N\u00facleo de Apoio \u00e0 Sa\u00fade da Fam\u00edlia (Nasf) atender\u00e3o a comunidade no local.<\/p>\n<p>Para o prefeito Guilherme Menezes, \u00e9 uma alegria entregar mais um equipamento de sa\u00fade, que atende as necessidades da popula\u00e7\u00e3o. \u201cVit\u00f3ria da Conquista foi contemplada com duas academias da sa\u00fade que s\u00e3o espa\u00e7os importantes, onde as pessoas poder\u00e3o entender que a sa\u00fade f\u00edsica deve se harmonizar com a sa\u00fade mental\u201d. E completou: \u201ca grandeza dessa obra n\u00e3o s\u00e3o as paredes, mas todos os servi\u00e7os aqui oferecidos e que garantir\u00e3o maior qualidade de vida para a popula\u00e7\u00e3o\u201d.<\/p>\n<p>Representando a C\u00e2mara de Vereadores, o vereador C\u00edcero Cust\u00f3dio, lembrou que uma das marcas da atual Administra\u00e7\u00e3o Municipal \u00e9 a oferta de servi\u00e7os n\u00e3o somente de sa\u00fade, mas em todas as \u00e1reas necess\u00e1rias para a comunidade. Representando o L\u00edder do Governo, o vereador Coriolano Moraes destacou: \u201ceste Governo vem transformando Vit\u00f3ria da Conquista; implantando em nossa cidade a semente da boa esperan\u00e7a por meio do trabalho descente, \u00e1rduo, envolvente em prol do desenvolvimento humano\u201d.<\/p>\n<p>A comunidade que acompanhou a solenidade de entrega, participando tamb\u00e9m das atividades de sa\u00fade e lazer oferecidas pelo Projeto Domingo por Encantos, aprovou o novo servi\u00e7o. Para a dona de casa Teresinha Santos, o espa\u00e7o garantir\u00e1 mais conforto no desenvolvimento das atividades de sa\u00fade. \u201cJ\u00e1 participo das atividades f\u00edsicas no CSU e este espa\u00e7o amplo e organizado contribuir\u00e1 mais ainda para que possamos cuidar do nosso corpo\u201d.<\/p>\n<p>O auxiliar de Servi\u00e7os Gerais, Clemente Souza, felicitou o Governo. \u201cA Prefeitura Municipal est\u00e1 de parab\u00e9ns por ter conseguido essa Academia da Sa\u00fade, que beneficiar\u00e1 n\u00e3o s\u00f3 a comunidade aqui do bairro Brasil, mas muitas outras pessoas\u201d, disse.<\/p>\n<p>Cerca de R$ 174 mil, oriundos do Governo Federal, foram investidos na constru\u00e7\u00e3o da Academia de Sa\u00fade, que conta com \u00e1rea externa de 450 m\u00b2 e \u00e1rea constru\u00edda de 112,55 m\u00b2. No local, os moradores dos bairros Boa Esperan\u00e7a, Nossa Senhora de Lourdes, Santa Cruz, Urbis II e III, Santa Helena e Brasil ter\u00e3o acesso a equipamentos de gin\u00e1stica, sala de conviv\u00eancia, sanit\u00e1rios, sala de acolhimento, \u00e1rea de circula\u00e7\u00e3o e \u00e1rea verde.<\/p>\n<p><em>* Participaram do evento, membros dos poderes Executivo (entre eles, o vice prefeito Jo\u00e1s Meira e a secret\u00e1ria de Sa\u00fade, M\u00e1rcia Viviane de Ara\u00fajo) e Legislativo municipais e da comunidade.<\/em><\/p>\n<p><a href=\"http:\/\/www.pmvc.ba.gov.br\/v2\/wp-content\/uploads\/SC1_6716.jpg\" rel=\"shadowbox\"><img decoding=\"async\" loading=\"lazy\" class=\"aligncenter  wp-image-92934\" title=\"SC1_6716\" src=\"http:\/\/www.pmvc.ba.gov.br\/v2\/wp-content\/uploads\/SC1_6716-598x399.jpg\" alt=\"\" width=\"484\" height=\"323\" \/><\/a>*Secom<\/p>\n<\/div>\n","protected":false},"excerpt":{"rendered":"<p>Moradores do bairro Brasil e adjac\u00eancias comemoraram, na manh\u00e3 deste domingo, 12, a entrega de mais um equipamento p\u00fablico: a Academia de Sa\u00fade. O servi\u00e7o, que funciona na Avenida Barreiras, pr\u00f3ximo \u00e0 Escola Municipal Ita David de Castro, \u00e9 o resultado da ades\u00e3o, feita pelo Governo Municipal ao Programa Academia da Sa\u00fade do Minist\u00e9rio da [&hellip;]<\/p>\n","protected":false},"author":1,"featured_media":37767,"comment_status":"open","ping_status":"closed","sticky":false,"template":"","format":"standard","meta":[],"categories":[5],"tags":[],"_links":{"self":[{"href":"http:\/\/blitzconquista.com.br\/index.php?rest_route=\/wp\/v2\/posts\/37766"}],"collection":[{"href":"http:\/\/blitzconquista.com.br\/index.php?rest_route=\/wp\/v2\/posts"}],"about":[{"href":"http:\/\/blitzconquista.com.br\/index.php?rest_route=\/wp\/v2\/types\/post"}],"author":[{"embeddable":true,"href":"http:\/\/blitzconquista.com.br\/index.php?rest_route=\/wp\/v2\/users\/1"}],"replies":[{"embeddable":true,"href":"http:\/\/blitzconquista.com.br\/index.php?rest_route=%2Fwp%2Fv2%2Fcomments&post=37766"}],"version-history":[{"count":0,"href":"http:\/\/blitzconquista.com.br\/index.php?rest_route=\/wp\/v2\/posts\/37766\/revisions"}],"wp:featuredmedia":[{"embeddable":true,"href":"http:\/\/blitzconquista.com.br\/index.php?rest_route=\/wp\/v2\/media\/37767"}],"wp:attachment":[{"href":"http:\/\/blitzconquista.com.br\/index.php?rest_route=%2Fwp%2Fv2%2Fmedia&parent=37766"}],"wp:term":[{"taxonomy":"category","embeddable":true,"href":"http:\/\/blitzconquista.com.br\/index.php?rest_route=%2Fwp%2Fv2%2Fcategories&post=37766"},{"taxonomy":"post_tag","embeddable":true,"href":"http:\/\/blitzconquista.com.br\/index.php?rest_route=%2Fwp%2Fv2%2Ftags&post=37766"}],"curies":[{"name":"wp","href":"https:\/\/api.w.org\/{rel}","templated":true}]}}