{"id":37870,"date":"2015-07-15T01:35:55","date_gmt":"2015-07-15T04:35:55","guid":{"rendered":"http:\/\/blitzconquista.com.br\/?p=37870"},"modified":"2015-07-15T01:35:55","modified_gmt":"2015-07-15T04:35:55","slug":"apos-reuniao-lider-de-movimento-ataca-o-prefeito-e-aponta-para-continuidade-dos-protestos-pela-revogacao-da-tarifa","status":"publish","type":"post","link":"http:\/\/blitzconquista.com.br\/?p=37870","title":{"rendered":"Ap\u00f3s reuni\u00e3o, l\u00edder de movimento ataca o prefeito e aponta para continuidade dos protestos pela \u201crevoga\u00e7\u00e3o da tarifa\u201d"},"content":{"rendered":"<p>Na tarde desta ter\u00e7a-feira, 15, foi realizada uma reuni\u00e3o entre os l\u00edderes do movimento estudantil que protestam contra o atual pre\u00e7o da tarifa, alguns vereadores e prepostos do executivo municipal. Foram mais de 3 horas de discuss\u00f5es em que os manifestantes apresentaram uma lista de reivindica\u00e7\u00f5es e as dificuldades encontradas pelos usu\u00e1rios do transporte coletivo. Do outro lado, os representantes do executivo respondiam aos questionamentos e tentavam convencer sobre as quest\u00f5es t\u00e9cnicas que levaram o governo a decretar o valor da passagem de R$ 2,80.<\/p>\n<p><img decoding=\"async\" loading=\"lazy\" class=\" size-full wp-image-37871 aligncenter\" src=\"http:\/\/blitzconquista.com.br\/wp-content\/uploads\/2015\/07\/DSC_0457.jpg\" alt=\"DSC_0457\" width=\"680\" height=\"450\" srcset=\"http:\/\/blitzconquista.com.br\/wp-content\/uploads\/2015\/07\/DSC_0457.jpg 680w, http:\/\/blitzconquista.com.br\/wp-content\/uploads\/2015\/07\/DSC_0457-300x199.jpg 300w\" sizes=\"(max-width: 680px) 100vw, 680px\" \/><\/p>\n<p>Apesar da aparente flexibilidade do Governo Municipal em discutir a adequa\u00e7\u00e3o da integra\u00e7\u00e3o da tarifa \u00fanica, discuss\u00e3o da meia passagem nos finais de semana, amplia\u00e7\u00e3o da oferta de coletivos nos hor\u00e1rios de pico e poss\u00edvel modifica\u00e7\u00e3o e reforma do terminal o l\u00edder do movimento, Thiago, integrante da Uni\u00e3o da Juventude Socialista do PCdoB, demonstrou inflexibilidade ao declarar que o movimento s\u00f3 ir\u00e1 recuar se o Governo revogar o valor da tarifa.<\/p>\n<p><img decoding=\"async\" loading=\"lazy\" class=\" size-full wp-image-37874 aligncenter\" src=\"http:\/\/blitzconquista.com.br\/wp-content\/uploads\/2015\/07\/DSC_0447.jpg\" alt=\"DSC_0447\" width=\"680\" height=\"450\" srcset=\"http:\/\/blitzconquista.com.br\/wp-content\/uploads\/2015\/07\/DSC_0447.jpg 680w, http:\/\/blitzconquista.com.br\/wp-content\/uploads\/2015\/07\/DSC_0447-300x199.jpg 300w\" sizes=\"(max-width: 680px) 100vw, 680px\" \/><\/p>\n<p>Durante a entrevista a imprensa o l\u00edder comunista atacou a pessoa do prefeito Guilherme Meneses e disse que a decis\u00e3o do executivo \u201c\u00e9 assalto a m\u00e3o armada\u201d. Thiago deixou claro que o grupo de manifestantes tem conhecimento superficial da planilha de custos do transporte coletivo.<\/p>\n<p><img decoding=\"async\" loading=\"lazy\" class=\" size-full wp-image-37873 aligncenter\" src=\"http:\/\/blitzconquista.com.br\/wp-content\/uploads\/2015\/07\/DSC_0461.jpg\" alt=\"DSC_0461\" width=\"680\" height=\"450\" srcset=\"http:\/\/blitzconquista.com.br\/wp-content\/uploads\/2015\/07\/DSC_0461.jpg 680w, http:\/\/blitzconquista.com.br\/wp-content\/uploads\/2015\/07\/DSC_0461-300x199.jpg 300w\" sizes=\"(max-width: 680px) 100vw, 680px\" \/><\/p>\n<p>Luana Caetano, Procuradora Geral do Munic\u00edpio, avaliou positivamente a reuni\u00e3o. Ela ressaltou que a pauta dos estudantes, apesar de longa, foi bastante discutida e apenas a quest\u00e3o do reajuste n\u00e3o pode ser atendida.<\/p>\n<p><img decoding=\"async\" loading=\"lazy\" class=\" size-full wp-image-37876 aligncenter\" src=\"http:\/\/blitzconquista.com.br\/wp-content\/uploads\/2015\/07\/DSC_0453.jpg\" alt=\"DSC_0453\" width=\"680\" height=\"450\" srcset=\"http:\/\/blitzconquista.com.br\/wp-content\/uploads\/2015\/07\/DSC_0453.jpg 680w, http:\/\/blitzconquista.com.br\/wp-content\/uploads\/2015\/07\/DSC_0453-300x199.jpg 300w\" sizes=\"(max-width: 680px) 100vw, 680px\" \/><\/p>\n<p>Sobre a situa\u00e7\u00e3o da Via\u00e7\u00e3o Vit\u00f3ria, Luana informou que a empresa deixou de cumprir alguns itens determinados no contrato e todas as provid\u00eancias necess\u00e1rias est\u00e3o sendo tomadas. Inclusive, um Processo Administrativo foi aberto e a Vit\u00f3ria j\u00e1 apresentou sua defesa. A comiss\u00e3o se reunir\u00e1 para avaliar a defesa e tomar\u00e1 as medidas necess\u00e1rias e legais.<\/p>\n<p><img decoding=\"async\" loading=\"lazy\" class=\"  wp-image-37872 alignright\" src=\"http:\/\/blitzconquista.com.br\/wp-content\/uploads\/2015\/07\/DSC_0458.jpg\" alt=\"DSC_0458\" width=\"289\" height=\"191\" srcset=\"http:\/\/blitzconquista.com.br\/wp-content\/uploads\/2015\/07\/DSC_0458.jpg 680w, http:\/\/blitzconquista.com.br\/wp-content\/uploads\/2015\/07\/DSC_0458-300x199.jpg 300w\" sizes=\"(max-width: 289px) 100vw, 289px\" \/>Luiz Alberto Sellman, Secret\u00e1rio de Mobilidade Urbana, avaliou a reuni\u00e3o positivamente e disse que houve avan\u00e7o. Sellman frisou que dessa reuni\u00e3o sa\u00edram v\u00e1rias sugest\u00f5es e propostas que devem ser implementadas no sistema.<\/p>\n<p>A reuni\u00e3o foi mediada pelo <span class=\"st\">Coordenador de Juventude, <span class=\"st\">Rudival Maturano<\/span>. O secret\u00e1rio municipal de Governo, Edvaldo Alves, e o<\/span>s vereadores Arlindo Rebou\u00e7as, Sidney Oliveira e Florisvaldo Bittencourt participaram da reuni\u00e3o. Coriolano Morais (Cori) enviou uma assessora para acompanhar as discuss\u00f5es.<\/p>\n","protected":false},"excerpt":{"rendered":"<p>Na tarde desta ter\u00e7a-feira, 15, foi realizada uma reuni\u00e3o entre os l\u00edderes do movimento estudantil que protestam contra o atual pre\u00e7o da tarifa, alguns vereadores e prepostos do executivo municipal. Foram mais de 3 horas de discuss\u00f5es em que os manifestantes apresentaram uma lista de reivindica\u00e7\u00f5es e as dificuldades encontradas pelos usu\u00e1rios do transporte coletivo. [&hellip;]<\/p>\n","protected":false},"author":1,"featured_media":37875,"comment_status":"open","ping_status":"closed","sticky":false,"template":"","format":"standard","meta":[],"categories":[5],"tags":[],"_links":{"self":[{"href":"http:\/\/blitzconquista.com.br\/index.php?rest_route=\/wp\/v2\/posts\/37870"}],"collection":[{"href":"http:\/\/blitzconquista.com.br\/index.php?rest_route=\/wp\/v2\/posts"}],"about":[{"href":"http:\/\/blitzconquista.com.br\/index.php?rest_route=\/wp\/v2\/types\/post"}],"author":[{"embeddable":true,"href":"http:\/\/blitzconquista.com.br\/index.php?rest_route=\/wp\/v2\/users\/1"}],"replies":[{"embeddable":true,"href":"http:\/\/blitzconquista.com.br\/index.php?rest_route=%2Fwp%2Fv2%2Fcomments&post=37870"}],"version-history":[{"count":0,"href":"http:\/\/blitzconquista.com.br\/index.php?rest_route=\/wp\/v2\/posts\/37870\/revisions"}],"wp:featuredmedia":[{"embeddable":true,"href":"http:\/\/blitzconquista.com.br\/index.php?rest_route=\/wp\/v2\/media\/37875"}],"wp:attachment":[{"href":"http:\/\/blitzconquista.com.br\/index.php?rest_route=%2Fwp%2Fv2%2Fmedia&parent=37870"}],"wp:term":[{"taxonomy":"category","embeddable":true,"href":"http:\/\/blitzconquista.com.br\/index.php?rest_route=%2Fwp%2Fv2%2Fcategories&post=37870"},{"taxonomy":"post_tag","embeddable":true,"href":"http:\/\/blitzconquista.com.br\/index.php?rest_route=%2Fwp%2Fv2%2Ftags&post=37870"}],"curies":[{"name":"wp","href":"https:\/\/api.w.org\/{rel}","templated":true}]}}