{"id":37932,"date":"2015-07-15T19:10:38","date_gmt":"2015-07-15T22:10:38","guid":{"rendered":"http:\/\/blitzconquista.com.br\/?p=37932"},"modified":"2015-07-16T00:11:01","modified_gmt":"2015-07-16T03:11:01","slug":"professores-em-greve-ocupam-secretaria-da-educacao-por-tempo-indeterminado","status":"publish","type":"post","link":"http:\/\/blitzconquista.com.br\/?p=37932","title":{"rendered":"Professores em greve ocupam Secretaria da Educa\u00e7\u00e3o por tempo indeterminado"},"content":{"rendered":"<p>Professores, estudantes e t\u00e9cnicos das Universidades Estaduais da Bahia (Ueba) ocuparam, na manh\u00e3 desta quarta (15), a Secretaria de Educa\u00e7\u00e3o (SEC), em Salvador, por tempo indeterminado. O protesto foi iniciado por volta das 9h30, enquanto representantes do movimento participavam de mesa de negocia\u00e7\u00e3o. Com o retorno da reuni\u00e3o e a not\u00edcia de que o governo n\u00e3o avan\u00e7ou no atendimento das reivindica\u00e7\u00f5es, os manifestantes decidiram ocupar a SEC por tempo indeterminado. Os docentes est\u00e3o em greve h\u00e1 mais de 60 dias e o movimento responsabiliza o governo pela manuten\u00e7\u00e3o de mais de 60 mil alunos fora de sala de aula, al\u00e9m de cobrar solu\u00e7\u00e3o breve para os problemas das universidades. A categoria reivindica que promo\u00e7\u00f5es, progress\u00f5es e mudan\u00e7as de regime de trabalho sejam garantidas. O movimento cobra a amplia\u00e7\u00e3o do n\u00famero de professores, valoriza\u00e7\u00e3o da carreira docente e investimento de 7% da Receita L\u00edquida de Impostos (RLI) para o or\u00e7amento das institui\u00e7\u00f5es. Al\u00e9m disso, a cria\u00e7\u00e3o de uma pol\u00edtica de perman\u00eancia estudantil efetiva que assegure aos alunos condi\u00e7\u00f5es de conclu\u00edrem os cursos. *Com informa\u00e7\u00f5es do Bahia Not\u00edcias.<\/p>\n","protected":false},"excerpt":{"rendered":"<p>Professores, estudantes e t\u00e9cnicos das Universidades Estaduais da Bahia (Ueba) ocuparam, na manh\u00e3 desta quarta (15), a Secretaria de Educa\u00e7\u00e3o (SEC), em Salvador, por tempo indeterminado. O protesto foi iniciado por volta das 9h30, enquanto representantes do movimento participavam de mesa de negocia\u00e7\u00e3o. Com o retorno da reuni\u00e3o e a not\u00edcia de que o governo [&hellip;]<\/p>\n","protected":false},"author":1,"featured_media":37890,"comment_status":"open","ping_status":"closed","sticky":false,"template":"","format":"standard","meta":[],"categories":[28],"tags":[],"_links":{"self":[{"href":"http:\/\/blitzconquista.com.br\/index.php?rest_route=\/wp\/v2\/posts\/37932"}],"collection":[{"href":"http:\/\/blitzconquista.com.br\/index.php?rest_route=\/wp\/v2\/posts"}],"about":[{"href":"http:\/\/blitzconquista.com.br\/index.php?rest_route=\/wp\/v2\/types\/post"}],"author":[{"embeddable":true,"href":"http:\/\/blitzconquista.com.br\/index.php?rest_route=\/wp\/v2\/users\/1"}],"replies":[{"embeddable":true,"href":"http:\/\/blitzconquista.com.br\/index.php?rest_route=%2Fwp%2Fv2%2Fcomments&post=37932"}],"version-history":[{"count":0,"href":"http:\/\/blitzconquista.com.br\/index.php?rest_route=\/wp\/v2\/posts\/37932\/revisions"}],"wp:featuredmedia":[{"embeddable":true,"href":"http:\/\/blitzconquista.com.br\/index.php?rest_route=\/wp\/v2\/media\/37890"}],"wp:attachment":[{"href":"http:\/\/blitzconquista.com.br\/index.php?rest_route=%2Fwp%2Fv2%2Fmedia&parent=37932"}],"wp:term":[{"taxonomy":"category","embeddable":true,"href":"http:\/\/blitzconquista.com.br\/index.php?rest_route=%2Fwp%2Fv2%2Fcategories&post=37932"},{"taxonomy":"post_tag","embeddable":true,"href":"http:\/\/blitzconquista.com.br\/index.php?rest_route=%2Fwp%2Fv2%2Ftags&post=37932"}],"curies":[{"name":"wp","href":"https:\/\/api.w.org\/{rel}","templated":true}]}}