{"id":37939,"date":"2015-07-16T00:01:13","date_gmt":"2015-07-16T03:01:13","guid":{"rendered":"http:\/\/blitzconquista.com.br\/?p=37939"},"modified":"2015-07-16T00:18:13","modified_gmt":"2015-07-16T03:18:13","slug":"votacao-da-pec-da-maioridade-fica-para-agosto","status":"publish","type":"post","link":"http:\/\/blitzconquista.com.br\/?p=37939","title":{"rendered":"Vota\u00e7\u00e3o da PEC da maioridade fica para agosto"},"content":{"rendered":"<p>A C\u00e2mara deixou para agosto, depois do per\u00edodo de recesso parlamentar, a vota\u00e7\u00e3o em segundo turno da Proposta de Emenda \u00e0 Constitui\u00e7\u00e3o (PEC) que estabelece a redu\u00e7\u00e3o da maioridade penal de 18 para 16 anos para adolescentes que praticarem crimes hediondos, homic\u00eddios dolosos (com inten\u00e7\u00e3o de matar) e les\u00e3o corporal seguida de morte. O texto foi aprovado no in\u00edcio do m\u00eas depois de suposta manobra regimental do presidente da C\u00e2mara, Eduardo Cunha (PMDB-RJ). Defensor da redu\u00e7\u00e3o da maioridade penal, Cunha havia sido derrotado em primeira vota\u00e7\u00e3o, mas conseguiu virar o jogo em apenas 24 horas. Se aprovada em segundo turno na C\u00e2mara, a PEC seguir\u00e1 para aprecia\u00e7\u00e3o do Senado, onde tamb\u00e9m ser\u00e1 objeto de duas vota\u00e7\u00f5es no plen\u00e1rio da Casa. A expectativa do governo, por\u00e9m, \u00e9 de que o texto n\u00e3o passe no Senado.<\/p>\n","protected":false},"excerpt":{"rendered":"<p>A C\u00e2mara deixou para agosto, depois do per\u00edodo de recesso parlamentar, a vota\u00e7\u00e3o em segundo turno da Proposta de Emenda \u00e0 Constitui\u00e7\u00e3o (PEC) que estabelece a redu\u00e7\u00e3o da maioridade penal de 18 para 16 anos para adolescentes que praticarem crimes hediondos, homic\u00eddios dolosos (com inten\u00e7\u00e3o de matar) e les\u00e3o corporal seguida de morte. O texto [&hellip;]<\/p>\n","protected":false},"author":1,"featured_media":35867,"comment_status":"open","ping_status":"closed","sticky":false,"template":"","format":"standard","meta":[],"categories":[5],"tags":[],"_links":{"self":[{"href":"http:\/\/blitzconquista.com.br\/index.php?rest_route=\/wp\/v2\/posts\/37939"}],"collection":[{"href":"http:\/\/blitzconquista.com.br\/index.php?rest_route=\/wp\/v2\/posts"}],"about":[{"href":"http:\/\/blitzconquista.com.br\/index.php?rest_route=\/wp\/v2\/types\/post"}],"author":[{"embeddable":true,"href":"http:\/\/blitzconquista.com.br\/index.php?rest_route=\/wp\/v2\/users\/1"}],"replies":[{"embeddable":true,"href":"http:\/\/blitzconquista.com.br\/index.php?rest_route=%2Fwp%2Fv2%2Fcomments&post=37939"}],"version-history":[{"count":0,"href":"http:\/\/blitzconquista.com.br\/index.php?rest_route=\/wp\/v2\/posts\/37939\/revisions"}],"wp:featuredmedia":[{"embeddable":true,"href":"http:\/\/blitzconquista.com.br\/index.php?rest_route=\/wp\/v2\/media\/35867"}],"wp:attachment":[{"href":"http:\/\/blitzconquista.com.br\/index.php?rest_route=%2Fwp%2Fv2%2Fmedia&parent=37939"}],"wp:term":[{"taxonomy":"category","embeddable":true,"href":"http:\/\/blitzconquista.com.br\/index.php?rest_route=%2Fwp%2Fv2%2Fcategories&post=37939"},{"taxonomy":"post_tag","embeddable":true,"href":"http:\/\/blitzconquista.com.br\/index.php?rest_route=%2Fwp%2Fv2%2Ftags&post=37939"}],"curies":[{"name":"wp","href":"https:\/\/api.w.org\/{rel}","templated":true}]}}