{"id":38084,"date":"2015-07-21T00:10:50","date_gmt":"2015-07-21T03:10:50","guid":{"rendered":"http:\/\/blitzconquista.com.br\/?p=38084"},"modified":"2015-07-22T01:40:03","modified_gmt":"2015-07-22T04:40:03","slug":"prefeitura-de-vitoria-da-conquista-da-inicio-ao-projeto-de-fiscalizacao-eletronica-de-velocidade","status":"publish","type":"post","link":"http:\/\/blitzconquista.com.br\/?p=38084","title":{"rendered":"Prefeitura de Vit\u00f3ria da Conquista da in\u00edcio ao projeto de fiscaliza\u00e7\u00e3o eletr\u00f4nica de velocidade"},"content":{"rendered":"<p>T\u00e9cnicos de duas empresas especializadas em fiscaliza\u00e7\u00e3o eletr\u00f4nica de velocidade \u2013 radares, os famosos \u2018pardais\u2019, visitaram Vit\u00f3ria da Conquista \u00a0 \u00a0 recentemente\u00a0realizando\u00a0estudos\u00a0para\u00a0a implementa\u00e7\u00e3o desses\u00a0equipamentos, com o interesse de participar da licita\u00e7\u00e3o que o Munic\u00edpio deve abrir nos pr\u00f3ximos meses.<\/p>\n<p>Dotar a cidade com a fiscaliza\u00e7\u00e3o por radares,\u00a0que registram instantaneamente a velocidade e o avan\u00e7o de sinal vermelho, tornou-se uma \u201cs\u00faplica\u201d da sociedade que acompanha aterrorizada o alto \u00edndice\u00a0de acidentes em nossas principais avenidas, a maioria deles causados por alta velocidade.<\/p>\n<p>O Blog Transitar levantou que o projeto inicial da Prefeitura \u00e9 contemplar as Avenidas Lu\u00eds Eduardo Magalh\u00e3es, Ol\u00edvia Flores, Brumado, Maranh\u00e3o, Piaui, Par\u00e1, Bartolomeu de Gusm\u00e3o\u00a0e\u00a0Juracy Magalh\u00e3es. Outras vias poder\u00e3o ser inclu\u00eddas. Para o in\u00edcio das opera\u00e7\u00f5es n\u00e3o h\u00e1 datas previstas, mas as previs\u00f5es mais otimistas apontam o pr\u00f3ximo m\u00eas de junho.<\/p>\n<p><img decoding=\"async\" loading=\"lazy\" class=\"alignnone size-full wp-image-32183\" src=\"http:\/\/blitzconquista.com.br\/wp-content\/uploads\/2015\/01\/transitar.jpg\" alt=\"transitar\" width=\"200\" height=\"70\" \/><\/p>\n","protected":false},"excerpt":{"rendered":"<p>T\u00e9cnicos de duas empresas especializadas em fiscaliza\u00e7\u00e3o eletr\u00f4nica de velocidade \u2013 radares, os famosos \u2018pardais\u2019, visitaram Vit\u00f3ria da Conquista \u00a0 \u00a0 recentemente\u00a0realizando\u00a0estudos\u00a0para\u00a0a implementa\u00e7\u00e3o desses\u00a0equipamentos, com o interesse de participar da licita\u00e7\u00e3o que o Munic\u00edpio deve abrir nos pr\u00f3ximos meses. Dotar a cidade com a fiscaliza\u00e7\u00e3o por radares,\u00a0que registram instantaneamente a velocidade e o avan\u00e7o de [&hellip;]<\/p>\n","protected":false},"author":1,"featured_media":36719,"comment_status":"open","ping_status":"closed","sticky":false,"template":"","format":"standard","meta":[],"categories":[7],"tags":[],"_links":{"self":[{"href":"http:\/\/blitzconquista.com.br\/index.php?rest_route=\/wp\/v2\/posts\/38084"}],"collection":[{"href":"http:\/\/blitzconquista.com.br\/index.php?rest_route=\/wp\/v2\/posts"}],"about":[{"href":"http:\/\/blitzconquista.com.br\/index.php?rest_route=\/wp\/v2\/types\/post"}],"author":[{"embeddable":true,"href":"http:\/\/blitzconquista.com.br\/index.php?rest_route=\/wp\/v2\/users\/1"}],"replies":[{"embeddable":true,"href":"http:\/\/blitzconquista.com.br\/index.php?rest_route=%2Fwp%2Fv2%2Fcomments&post=38084"}],"version-history":[{"count":0,"href":"http:\/\/blitzconquista.com.br\/index.php?rest_route=\/wp\/v2\/posts\/38084\/revisions"}],"wp:featuredmedia":[{"embeddable":true,"href":"http:\/\/blitzconquista.com.br\/index.php?rest_route=\/wp\/v2\/media\/36719"}],"wp:attachment":[{"href":"http:\/\/blitzconquista.com.br\/index.php?rest_route=%2Fwp%2Fv2%2Fmedia&parent=38084"}],"wp:term":[{"taxonomy":"category","embeddable":true,"href":"http:\/\/blitzconquista.com.br\/index.php?rest_route=%2Fwp%2Fv2%2Fcategories&post=38084"},{"taxonomy":"post_tag","embeddable":true,"href":"http:\/\/blitzconquista.com.br\/index.php?rest_route=%2Fwp%2Fv2%2Ftags&post=38084"}],"curies":[{"name":"wp","href":"https:\/\/api.w.org\/{rel}","templated":true}]}}