{"id":38089,"date":"2015-07-21T00:16:19","date_gmt":"2015-07-21T03:16:19","guid":{"rendered":"http:\/\/blitzconquista.com.br\/?p=38089"},"modified":"2015-07-21T14:33:56","modified_gmt":"2015-07-21T17:33:56","slug":"parceria-entre-governo-municipal-e-embasa-e-fortalecida-durante-reuniao","status":"publish","type":"post","link":"http:\/\/blitzconquista.com.br\/?p=38089","title":{"rendered":"Parceria entre Governo Municipal e Embasa \u00e9 fortalecida durante reuni\u00e3o"},"content":{"rendered":"<div id=\"stcpDiv\">\n<p>Colaborar para o desenvolvimento da cidade. Esse \u00e9 o objetivo comum entre a Prefeitura de Vit\u00f3ria da Conquista e a Empresa Baiana de \u00c1guas e Saneamento (Embasa). Para selar esse compromisso, bem como reafirmar a parceria entre ambas as institui\u00e7\u00f5es \u00e9 que o prefeito Guilherme Menezes \u2013 acompanhado por membros do Governo Municipal \u2013 se reuniu, nesta sexta-feira, 17, com o novo presidente da Embasa, Rog\u00e9rio Cedraz.<\/p>\n<p>\u201cA Embasa e a Prefeitura s\u00e3o parceiras h\u00e1 muito tempo e a gente quer dar continuidade a essa parceria que \u00e9 importante. A Empresa Baiana de \u00c1guas e Saneamento vai estar sempre dispon\u00edvel para a Prefeitura, ajudando e colaborando nas melhorias para a cidade, assim como a gente vai contar com a Administra\u00e7\u00e3o Municipal\u201d, enfatizou Rog\u00e9rio.<\/p>\n<p>Ao longo do encontro foram tratados temas como a constru\u00e7\u00e3o da Barragem do Rio Catol\u00e9. Esta semana, o prefeito esteve visitando a adutora com o gerente regional da Embasa, Jos\u00e9 Ol\u00edmpio. \u201cJ\u00e1 foram abertas tr\u00eas licita\u00e7\u00f5es para a constru\u00e7\u00e3o da barragem e todas deram desertas. Por isso, j\u00e1 est\u00e1 sendo preparada a quarta. Esperamos que apare\u00e7a empresa interessada para que essa barragem t\u00e3o importante para a regi\u00e3o seja feita\u201d, destacou o prefeito.<\/p>\n<p>Al\u00e9m desse ponto de pauta, outros foram discutidos e ser\u00e3o analisados pela Embasa. \u201cDos temas que foram trazidos, a gente vai avaliar todos e atende-los para a gente melhorar cada dia mais o servi\u00e7o que a gente presta para Vit\u00f3ria da Conquista\u201d. *Secom<\/p>\n<\/div>\n","protected":false},"excerpt":{"rendered":"<p>Colaborar para o desenvolvimento da cidade. Esse \u00e9 o objetivo comum entre a Prefeitura de Vit\u00f3ria da Conquista e a Empresa Baiana de \u00c1guas e Saneamento (Embasa). Para selar esse compromisso, bem como reafirmar a parceria entre ambas as institui\u00e7\u00f5es \u00e9 que o prefeito Guilherme Menezes \u2013 acompanhado por membros do Governo Municipal \u2013 se [&hellip;]<\/p>\n","protected":false},"author":1,"featured_media":38142,"comment_status":"open","ping_status":"closed","sticky":false,"template":"","format":"standard","meta":[],"categories":[5],"tags":[],"_links":{"self":[{"href":"http:\/\/blitzconquista.com.br\/index.php?rest_route=\/wp\/v2\/posts\/38089"}],"collection":[{"href":"http:\/\/blitzconquista.com.br\/index.php?rest_route=\/wp\/v2\/posts"}],"about":[{"href":"http:\/\/blitzconquista.com.br\/index.php?rest_route=\/wp\/v2\/types\/post"}],"author":[{"embeddable":true,"href":"http:\/\/blitzconquista.com.br\/index.php?rest_route=\/wp\/v2\/users\/1"}],"replies":[{"embeddable":true,"href":"http:\/\/blitzconquista.com.br\/index.php?rest_route=%2Fwp%2Fv2%2Fcomments&post=38089"}],"version-history":[{"count":0,"href":"http:\/\/blitzconquista.com.br\/index.php?rest_route=\/wp\/v2\/posts\/38089\/revisions"}],"wp:featuredmedia":[{"embeddable":true,"href":"http:\/\/blitzconquista.com.br\/index.php?rest_route=\/wp\/v2\/media\/38142"}],"wp:attachment":[{"href":"http:\/\/blitzconquista.com.br\/index.php?rest_route=%2Fwp%2Fv2%2Fmedia&parent=38089"}],"wp:term":[{"taxonomy":"category","embeddable":true,"href":"http:\/\/blitzconquista.com.br\/index.php?rest_route=%2Fwp%2Fv2%2Fcategories&post=38089"},{"taxonomy":"post_tag","embeddable":true,"href":"http:\/\/blitzconquista.com.br\/index.php?rest_route=%2Fwp%2Fv2%2Ftags&post=38089"}],"curies":[{"name":"wp","href":"https:\/\/api.w.org\/{rel}","templated":true}]}}