{"id":38106,"date":"2015-07-21T00:38:48","date_gmt":"2015-07-21T03:38:48","guid":{"rendered":"http:\/\/blitzconquista.com.br\/?p=38106"},"modified":"2015-07-21T14:31:20","modified_gmt":"2015-07-21T17:31:20","slug":"abertas-as-inscricoes-para-isencao-da-taxa-do-vestibular-2016","status":"publish","type":"post","link":"http:\/\/blitzconquista.com.br\/?p=38106","title":{"rendered":"Abertas as inscri\u00e7\u00f5es para  isen\u00e7\u00e3o da taxa do vestibular 2016"},"content":{"rendered":"<p>At\u00e9 o dia 6 de agosto, est\u00e3o abertas as inscri\u00e7\u00f5es para isen\u00e7\u00e3o total do pagamento da taxa de inscri\u00e7\u00e3o do Vestibular Uesb 2016. De acordo com o Edital 100\/15, que delibera a sele\u00e7\u00e3o, os interessados em concorrer \u00e0 isen\u00e7\u00e3o dever\u00e3o se<\/p>\n<p>inscrever exclusivamente pela internet. Ainda segundo o referido Edital, podem participar da sele\u00e7\u00e3o alunos optantes pelo sistema de reserva de vagas ou cotas adicionais; alunos oriundos de cursos pr\u00e9-vestibulares comunit\u00e1rios e populares, quilombolas e pessoas com defici\u00eancia; alunos oriundos da rede p\u00fablica de ensino do Brasil n\u00e3o optantes pelo sistema de reserva de vagas ou cotas adicionais; servidores da Uesb ou de outra Universidade Estadual da Bahia e seus dependentes.<\/p>\n<p>Os pedidos de isen\u00e7\u00e3o dos candidatos ser\u00e3o analisados pela Comiss\u00e3o Permanente de Vestibular (Copeve) e a classifica\u00e7\u00e3o observar\u00e1 os crit\u00e9rios listados no Edital 100\/15. Mais informa\u00e7\u00f5es acesse <a href=\"http:\/\/www.uesb.br\">www.uesb.br<\/a>.<\/p>\n","protected":false},"excerpt":{"rendered":"<p>At\u00e9 o dia 6 de agosto, est\u00e3o abertas as inscri\u00e7\u00f5es para isen\u00e7\u00e3o total do pagamento da taxa de inscri\u00e7\u00e3o do Vestibular Uesb 2016. De acordo com o Edital 100\/15, que delibera a sele\u00e7\u00e3o, os interessados em concorrer \u00e0 isen\u00e7\u00e3o dever\u00e3o se inscrever exclusivamente pela internet. Ainda segundo o referido Edital, podem participar da sele\u00e7\u00e3o alunos [&hellip;]<\/p>\n","protected":false},"author":1,"featured_media":37298,"comment_status":"open","ping_status":"closed","sticky":false,"template":"","format":"standard","meta":[],"categories":[28],"tags":[],"_links":{"self":[{"href":"http:\/\/blitzconquista.com.br\/index.php?rest_route=\/wp\/v2\/posts\/38106"}],"collection":[{"href":"http:\/\/blitzconquista.com.br\/index.php?rest_route=\/wp\/v2\/posts"}],"about":[{"href":"http:\/\/blitzconquista.com.br\/index.php?rest_route=\/wp\/v2\/types\/post"}],"author":[{"embeddable":true,"href":"http:\/\/blitzconquista.com.br\/index.php?rest_route=\/wp\/v2\/users\/1"}],"replies":[{"embeddable":true,"href":"http:\/\/blitzconquista.com.br\/index.php?rest_route=%2Fwp%2Fv2%2Fcomments&post=38106"}],"version-history":[{"count":0,"href":"http:\/\/blitzconquista.com.br\/index.php?rest_route=\/wp\/v2\/posts\/38106\/revisions"}],"wp:featuredmedia":[{"embeddable":true,"href":"http:\/\/blitzconquista.com.br\/index.php?rest_route=\/wp\/v2\/media\/37298"}],"wp:attachment":[{"href":"http:\/\/blitzconquista.com.br\/index.php?rest_route=%2Fwp%2Fv2%2Fmedia&parent=38106"}],"wp:term":[{"taxonomy":"category","embeddable":true,"href":"http:\/\/blitzconquista.com.br\/index.php?rest_route=%2Fwp%2Fv2%2Fcategories&post=38106"},{"taxonomy":"post_tag","embeddable":true,"href":"http:\/\/blitzconquista.com.br\/index.php?rest_route=%2Fwp%2Fv2%2Ftags&post=38106"}],"curies":[{"name":"wp","href":"https:\/\/api.w.org\/{rel}","templated":true}]}}