{"id":38119,"date":"2015-07-21T08:53:25","date_gmt":"2015-07-21T11:53:25","guid":{"rendered":"http:\/\/blitzconquista.com.br\/?p=38119"},"modified":"2015-07-21T14:27:16","modified_gmt":"2015-07-21T17:27:16","slug":"cunha-aceita-acareacao-mas-diz-que-o-mesmo-deve-ser-feito-com-outros-politicos","status":"publish","type":"post","link":"http:\/\/blitzconquista.com.br\/?p=38119","title":{"rendered":"Cunha aceita acarea\u00e7\u00e3o, mas diz que o mesmo deve ser feito com outros pol\u00edticos"},"content":{"rendered":"<p>O presidente da C\u00e2mara dos Deputados, Eduardo Cunha (PMDB-RJ), disse hoje (20), em evento partid\u00e1rio no Rio de Janeiro, que n\u00e3o se op\u00f5e a uma poss\u00edvel acarea\u00e7\u00e3o com o ex-consultor da Toyo Setal, J\u00falio Camargo, contanto que outras acarea\u00e7\u00f5es sejam feitas, incluindo uma entre a presidenta Dilma Rousseff e o doleiro Alberto Youssef.<\/p>\n<blockquote><p><strong>\u201cN\u00e3o tenho nenhum problema, fa\u00e7o acarea\u00e7\u00e3o com quem quiser, a qualquer tempo, mas aproveita e chama o [Aloizio] Mercadante e o Edinho Silva para acarea\u00e7\u00e3o com o Ricardo Pessoa e a presidente Dilma [Rousseff] para acarea\u00e7\u00e3o com o Youssef. Acho justo que haja acarea\u00e7\u00e3o de todos que foram citados\u201d, declarou o deputado.<\/strong><\/p><\/blockquote>\n<p>Segundo o parlamentar fluminense, \u201c\u00e9 preciso convocar todos que est\u00e3o em contradi\u00e7\u00e3o, pois quando os ministros Mercadante e Edinho negam o que foi colocado pelo delator Ricardo Pessoa, ou quando a presidente Dilma nega o que foi colocado pelo delator Yousseff, \u00e9 preciso que se fa\u00e7a a acarea\u00e7\u00e3o de todos\u201d.<\/p>\n<p>O pedido de acarea\u00e7\u00e3o entre Cunha e Camargo foi protocolado na manh\u00e3 de hoje (20) na secretaria da Comiss\u00e3o Parlamentar de Inqu\u00e9rito (CPI) da Petrobras.\u00a0 O colegiado pode decidir a qualquer momento se acata ou n\u00e3o o requerimento da deputada federal Eliziane Gama (PPS-MA) uma vez que, pelo Regimento Interno da Casa, a CPI pode funcionar normalmente durante o recesso parlamentar, que s\u00f3 terminar\u00e1 em 1\u00ba de agosto.<\/p>\n<p>Cunha reafirmou que n\u00e3o buscar\u00e1 vingan\u00e7a do governo como presidente da Casa. \u201cManteremos uma pauta com independ\u00eancia, harmonia entre os Poderes, e nenhuma pauta bomba. N\u00e3o queremos tacar fogo no pa\u00eds. Mudei meu alinhamento pol\u00edtico com rela\u00e7\u00e3o ao governo, mas n\u00e3o significa que meu papel como presidente da C\u00e2mara vai mudar\u201d, disse ele.<\/p>\n<p>O deputado anunciou rompimento com o governo na sexta-feira (17), ap\u00f3s sair na imprensa a acusa\u00e7\u00e3o de J\u00falio Camargo, de que o presidente da C\u00e2mara recebeu US$ 5 milh\u00f5es para viabilizar um contrato de navios-sonda da Petrobras para a empresa Toyo Setal.<\/p>\n<p><img decoding=\"async\" loading=\"lazy\" class=\"alignnone size-full wp-image-32052\" src=\"http:\/\/blitzconquista.com.br\/wp-content\/uploads\/2015\/01\/agencia_brasil_logo.png\" alt=\"agencia_brasil_logo\" width=\"130\" height=\"27\" \/><\/p>\n","protected":false},"excerpt":{"rendered":"<p>O presidente da C\u00e2mara dos Deputados, Eduardo Cunha (PMDB-RJ), disse hoje (20), em evento partid\u00e1rio no Rio de Janeiro, que n\u00e3o se op\u00f5e a uma poss\u00edvel acarea\u00e7\u00e3o com o ex-consultor da Toyo Setal, J\u00falio Camargo, contanto que outras acarea\u00e7\u00f5es sejam feitas, incluindo uma entre a presidenta Dilma Rousseff e o doleiro Alberto Youssef. \u201cN\u00e3o tenho [&hellip;]<\/p>\n","protected":false},"author":1,"featured_media":38128,"comment_status":"open","ping_status":"closed","sticky":false,"template":"","format":"standard","meta":[],"categories":[5],"tags":[],"_links":{"self":[{"href":"http:\/\/blitzconquista.com.br\/index.php?rest_route=\/wp\/v2\/posts\/38119"}],"collection":[{"href":"http:\/\/blitzconquista.com.br\/index.php?rest_route=\/wp\/v2\/posts"}],"about":[{"href":"http:\/\/blitzconquista.com.br\/index.php?rest_route=\/wp\/v2\/types\/post"}],"author":[{"embeddable":true,"href":"http:\/\/blitzconquista.com.br\/index.php?rest_route=\/wp\/v2\/users\/1"}],"replies":[{"embeddable":true,"href":"http:\/\/blitzconquista.com.br\/index.php?rest_route=%2Fwp%2Fv2%2Fcomments&post=38119"}],"version-history":[{"count":0,"href":"http:\/\/blitzconquista.com.br\/index.php?rest_route=\/wp\/v2\/posts\/38119\/revisions"}],"wp:featuredmedia":[{"embeddable":true,"href":"http:\/\/blitzconquista.com.br\/index.php?rest_route=\/wp\/v2\/media\/38128"}],"wp:attachment":[{"href":"http:\/\/blitzconquista.com.br\/index.php?rest_route=%2Fwp%2Fv2%2Fmedia&parent=38119"}],"wp:term":[{"taxonomy":"category","embeddable":true,"href":"http:\/\/blitzconquista.com.br\/index.php?rest_route=%2Fwp%2Fv2%2Fcategories&post=38119"},{"taxonomy":"post_tag","embeddable":true,"href":"http:\/\/blitzconquista.com.br\/index.php?rest_route=%2Fwp%2Fv2%2Ftags&post=38119"}],"curies":[{"name":"wp","href":"https:\/\/api.w.org\/{rel}","templated":true}]}}