{"id":38204,"date":"2015-07-22T00:22:31","date_gmt":"2015-07-22T03:22:31","guid":{"rendered":"http:\/\/blitzconquista.com.br\/?p=38204"},"modified":"2015-07-22T00:22:31","modified_gmt":"2015-07-22T03:22:31","slug":"motociclista-gravemente-ferido-em-vitoria-da-conquista-local-do-acidente-necessita-de-intervencoes","status":"publish","type":"post","link":"http:\/\/blitzconquista.com.br\/?p=38204","title":{"rendered":"Motociclista gravemente ferido em Vit\u00f3ria da Conquista; local do acidente necessita de interven\u00e7\u00f5es"},"content":{"rendered":"<p>Uma colis\u00e3o envolvendo uma motocicleta e uma L200 no cruzamento da Avenida Jonas Hort\u00e9lio com a Rua Silfredo Pedral Sampaio (antiga 10 de Novembro) na Zona Leste de Vit\u00f3ria da Conquista, deixou o condutor da moto seriamente ferido no in\u00edcio da manh\u00e3 de hoje, ter\u00e7a-feira (21). Segundo relatos, uma de suas pernas teria recebido um forte impacto.<\/p>\n<p>Por sua vez o condutor da L200 deu assist\u00eancia \u00e0 v\u00edtima, que recebeu atendimento do SAMU 192 \u00a0e foi conduzida a um hospital. A Pol\u00edcia Militar registrou a ocorr\u00eancia enquanto agentes de tr\u00e2nsito auxiliavam o fluxo.<\/p>\n<p>S\u00e3o constantes as reclama\u00e7\u00f5es daquele cruzamento: Segundo condutores, quem circula pela Jonas Hort\u00e9lio (saindo da Edi Nata\u00e7\u00e3o, por exemplo) tem a visibilidade dos ve\u00edculos que v\u00eam pela Silfredo Pedral comprometida por um poste de ilumina\u00e7\u00e3o pr\u00f3ximo a esquina, o que for\u00e7aria a necessidade de avan\u00e7ar para conseguir ver o outro fluxo. Ainda segundo os relatos, tudo fica pior quando h\u00e1 ve\u00edculos estacionados pr\u00f3ximos ao poste. Uma interven\u00e7\u00e3o no local \u00e9 necess\u00e1ria.<\/p>\n<p><img decoding=\"async\" loading=\"lazy\" class=\"alignnone size-full wp-image-32183\" src=\"http:\/\/blitzconquista.com.br\/wp-content\/uploads\/2015\/01\/transitar.jpg\" alt=\"transitar\" width=\"200\" height=\"70\" \/><\/p>\n","protected":false},"excerpt":{"rendered":"<p>Uma colis\u00e3o envolvendo uma motocicleta e uma L200 no cruzamento da Avenida Jonas Hort\u00e9lio com a Rua Silfredo Pedral Sampaio (antiga 10 de Novembro) na Zona Leste de Vit\u00f3ria da Conquista, deixou o condutor da moto seriamente ferido no in\u00edcio da manh\u00e3 de hoje, ter\u00e7a-feira (21). Segundo relatos, uma de suas pernas teria recebido um [&hellip;]<\/p>\n","protected":false},"author":1,"featured_media":38205,"comment_status":"open","ping_status":"closed","sticky":false,"template":"","format":"standard","meta":[],"categories":[7],"tags":[],"_links":{"self":[{"href":"http:\/\/blitzconquista.com.br\/index.php?rest_route=\/wp\/v2\/posts\/38204"}],"collection":[{"href":"http:\/\/blitzconquista.com.br\/index.php?rest_route=\/wp\/v2\/posts"}],"about":[{"href":"http:\/\/blitzconquista.com.br\/index.php?rest_route=\/wp\/v2\/types\/post"}],"author":[{"embeddable":true,"href":"http:\/\/blitzconquista.com.br\/index.php?rest_route=\/wp\/v2\/users\/1"}],"replies":[{"embeddable":true,"href":"http:\/\/blitzconquista.com.br\/index.php?rest_route=%2Fwp%2Fv2%2Fcomments&post=38204"}],"version-history":[{"count":0,"href":"http:\/\/blitzconquista.com.br\/index.php?rest_route=\/wp\/v2\/posts\/38204\/revisions"}],"wp:featuredmedia":[{"embeddable":true,"href":"http:\/\/blitzconquista.com.br\/index.php?rest_route=\/wp\/v2\/media\/38205"}],"wp:attachment":[{"href":"http:\/\/blitzconquista.com.br\/index.php?rest_route=%2Fwp%2Fv2%2Fmedia&parent=38204"}],"wp:term":[{"taxonomy":"category","embeddable":true,"href":"http:\/\/blitzconquista.com.br\/index.php?rest_route=%2Fwp%2Fv2%2Fcategories&post=38204"},{"taxonomy":"post_tag","embeddable":true,"href":"http:\/\/blitzconquista.com.br\/index.php?rest_route=%2Fwp%2Fv2%2Ftags&post=38204"}],"curies":[{"name":"wp","href":"https:\/\/api.w.org\/{rel}","templated":true}]}}