{"id":38232,"date":"2015-07-22T09:20:56","date_gmt":"2015-07-22T12:20:56","guid":{"rendered":"http:\/\/blitzconquista.com.br\/?p=38232"},"modified":"2015-07-22T01:09:29","modified_gmt":"2015-07-22T04:09:29","slug":"governador-cobra-investimentos-para-seguranca-publica","status":"publish","type":"post","link":"http:\/\/blitzconquista.com.br\/?p=38232","title":{"rendered":"Governador cobra investimentos para seguran\u00e7a p\u00fablica"},"content":{"rendered":"<p>A necessidade de envolver o governo federal nas discuss\u00f5es sobre a seguran\u00e7a p\u00fablica no Pa\u00eds foi defendida, nesta sexta-feira (17), pelo governador Rui Costa, durante o IV Encontro de Governadores do Nordeste, que acontece durante todo o dia em Teresina, no Piau\u00ed.<\/p>\n<p>Rui destacou, durante pronunciamento, a import\u00e2ncia de uma agenda mensal envolvendo estados e Uni\u00e3o a fim de serem tomadas decis\u00f5es para combater a criminalidade e a cria\u00e7\u00e3o de um fundo nacional destinado a financiar os investimentos em seguran\u00e7a p\u00fablica.<\/p>\n<p>\u201cPrecisamos ter uma agenda de trabalho mensal na \u00e1rea de seguran\u00e7a, para pautar as quest\u00f5es objetivas que afligem os governadores, e uma resposta definitiva do governo federal em rela\u00e7\u00e3o ao que pode ajudar\u201d, defendeu o governador.<\/p>\n<p>\u201cN\u00e3o podemos ficar estudando e debatendo os temas por per\u00edodos que nunca chegam ao fim. Precisamos de medidas concretas, que devem ser tomadas imediatamente. Minha sugest\u00e3o \u00e9 que a gente institua reuni\u00f5es mensais entre os estados e o governo federal. Reuni\u00f5es de trabalho para definir, dentre outras coisas, a\u00e7\u00f5es de controle, a compra e circula\u00e7\u00e3o de explosivos, da entrada de armas, do uso de celulares em pres\u00eddios, entre tantas outras quest\u00f5es que podem ser resolvidas de imediato.\u201d<\/p>\n<p>O principal fator que gera p\u00e2nico e sensa\u00e7\u00e3o de inseguran\u00e7a na popula\u00e7\u00e3o, segundo Rui, s\u00e3o as constantes explos\u00f5es de caixas eletr\u00f4nicos. Quanto a esse assunto, o governador baiano defendeu que a Uni\u00e3o atue de forma mais incisiva em rela\u00e7\u00e3o aos explosivos, por meio do Ex\u00e9rcito brasileiro, institui\u00e7\u00e3o respons\u00e1vel pelo controle do uso e\u00a0 transporte desse tipo de material no Pa\u00eds. \u201cAs institui\u00e7\u00f5es privadas autorizadas a usar explosivos n\u00e3o sofrem nenhum tipo de fiscaliza\u00e7\u00e3o\u201d, criticou.<\/p>\n<p>*Secom Gov BA<\/p>\n","protected":false},"excerpt":{"rendered":"<p>A necessidade de envolver o governo federal nas discuss\u00f5es sobre a seguran\u00e7a p\u00fablica no Pa\u00eds foi defendida, nesta sexta-feira (17), pelo governador Rui Costa, durante o IV Encontro de Governadores do Nordeste, que acontece durante todo o dia em Teresina, no Piau\u00ed. Rui destacou, durante pronunciamento, a import\u00e2ncia de uma agenda mensal envolvendo estados e [&hellip;]<\/p>\n","protected":false},"author":1,"featured_media":38233,"comment_status":"open","ping_status":"closed","sticky":false,"template":"","format":"standard","meta":[],"categories":[5],"tags":[],"_links":{"self":[{"href":"http:\/\/blitzconquista.com.br\/index.php?rest_route=\/wp\/v2\/posts\/38232"}],"collection":[{"href":"http:\/\/blitzconquista.com.br\/index.php?rest_route=\/wp\/v2\/posts"}],"about":[{"href":"http:\/\/blitzconquista.com.br\/index.php?rest_route=\/wp\/v2\/types\/post"}],"author":[{"embeddable":true,"href":"http:\/\/blitzconquista.com.br\/index.php?rest_route=\/wp\/v2\/users\/1"}],"replies":[{"embeddable":true,"href":"http:\/\/blitzconquista.com.br\/index.php?rest_route=%2Fwp%2Fv2%2Fcomments&post=38232"}],"version-history":[{"count":0,"href":"http:\/\/blitzconquista.com.br\/index.php?rest_route=\/wp\/v2\/posts\/38232\/revisions"}],"wp:featuredmedia":[{"embeddable":true,"href":"http:\/\/blitzconquista.com.br\/index.php?rest_route=\/wp\/v2\/media\/38233"}],"wp:attachment":[{"href":"http:\/\/blitzconquista.com.br\/index.php?rest_route=%2Fwp%2Fv2%2Fmedia&parent=38232"}],"wp:term":[{"taxonomy":"category","embeddable":true,"href":"http:\/\/blitzconquista.com.br\/index.php?rest_route=%2Fwp%2Fv2%2Fcategories&post=38232"},{"taxonomy":"post_tag","embeddable":true,"href":"http:\/\/blitzconquista.com.br\/index.php?rest_route=%2Fwp%2Fv2%2Ftags&post=38232"}],"curies":[{"name":"wp","href":"https:\/\/api.w.org\/{rel}","templated":true}]}}