{"id":38262,"date":"2015-07-22T16:07:11","date_gmt":"2015-07-22T19:07:11","guid":{"rendered":"http:\/\/blitzconquista.com.br\/?p=38262"},"modified":"2015-07-22T16:07:11","modified_gmt":"2015-07-22T19:07:11","slug":"secretario-quer-que-o-conquista-dispute-a-copa-governador-em-casa","status":"publish","type":"post","link":"http:\/\/blitzconquista.com.br\/?p=38262","title":{"rendered":"Secret\u00e1rio quer que o Conquista dispute a Copa Governador em casa"},"content":{"rendered":"<p>O Secret\u00e1rio de Cultura Esporte e Lazer de Vit\u00f3ria da Conquista, Nagib Barroso, disse que a administra\u00e7\u00e3o municipal est\u00e1 empenhada para que o time do Conquista dispute a Copa Governador do Estado no Est\u00e1dio Edvaldo Flores. A declara\u00e7\u00e3o do secret\u00e1rio ocorreu durante uma entrevista ao Conquista Meio Dia, na Brasil FM 107,7, nesta quarta-feira, 22.<\/p>\n<p>Nagib falou sobre a substitui\u00e7\u00e3o do gramado que ser\u00e1 realizado no Est\u00e1dio Lomanto J\u00fanior. Segundo ele, tamb\u00e9m ser\u00e1 realizada a aproxima\u00e7\u00e3o do campo para arquibancada e todo o servi\u00e7o de drenagem.<\/p>\n<figure id=\"attachment_38263\" aria-describedby=\"caption-attachment-38263\" style=\"width: 677px\" class=\"wp-caption aligncenter\"><img decoding=\"async\" loading=\"lazy\" class=\" wp-image-38263\" src=\"http:\/\/blitzconquista.com.br\/wp-content\/uploads\/2015\/07\/estadiomunicipallomanto-jr_felipezito-6.jpg\" alt=\"Gramado do Lomant\u00e3o ser\u00e1 substitu\u00eddo e est\u00e1dio n\u00e3o estar\u00e1 a disposi\u00e7\u00e3o dos times conquistenses.\" width=\"677\" height=\"508\" srcset=\"http:\/\/blitzconquista.com.br\/wp-content\/uploads\/2015\/07\/estadiomunicipallomanto-jr_felipezito-6.jpg 690w, http:\/\/blitzconquista.com.br\/wp-content\/uploads\/2015\/07\/estadiomunicipallomanto-jr_felipezito-6-300x225.jpg 300w, http:\/\/blitzconquista.com.br\/wp-content\/uploads\/2015\/07\/estadiomunicipallomanto-jr_felipezito-6-666x500.jpg 666w\" sizes=\"(max-width: 677px) 100vw, 677px\" \/><figcaption id=\"caption-attachment-38263\" class=\"wp-caption-text\">Gramado do Lomant\u00e3o ser\u00e1 substitu\u00eddo e est\u00e1dio n\u00e3o estar\u00e1 a disposi\u00e7\u00e3o dos times conquistenses.<\/figcaption><\/figure>\n<p>Ele espera que nos pr\u00f3ximos tr\u00eas meses o processo de licita\u00e7\u00e3o seja conclu\u00eddo e as obras do gramado do Lomant\u00e3o iniciem. Por isso, cogitou-se que o time do Conquista utilizasse o campo da cidade de Itamb\u00e9 durante a disputa estadual. Por\u00e9m, o secret\u00e1rio disse que tudo est\u00e1 sendo feito para que o rec\u00e9m-reinaugurado Edvaldo Flores receba a competi\u00e7\u00e3o.<\/p>\n<figure id=\"attachment_38265\" aria-describedby=\"caption-attachment-38265\" style=\"width: 680px\" class=\"wp-caption aligncenter\"><img decoding=\"async\" loading=\"lazy\" class=\" wp-image-38265\" src=\"http:\/\/blitzconquista.com.br\/wp-content\/uploads\/2015\/07\/estadio-municipal-edvaldo-flores.jpg\" alt=\"O bode poder\u00e1 utilizar o est\u00e1dio Lomanto J\u00fanior para disputar a Copa governador.\" width=\"680\" height=\"450\" srcset=\"http:\/\/blitzconquista.com.br\/wp-content\/uploads\/2015\/07\/estadio-municipal-edvaldo-flores.jpg 1024w, http:\/\/blitzconquista.com.br\/wp-content\/uploads\/2015\/07\/estadio-municipal-edvaldo-flores-300x199.jpg 300w, http:\/\/blitzconquista.com.br\/wp-content\/uploads\/2015\/07\/estadio-municipal-edvaldo-flores-680x450.jpg 680w\" sizes=\"(max-width: 680px) 100vw, 680px\" \/><figcaption id=\"caption-attachment-38265\" class=\"wp-caption-text\">O bode poder\u00e1 utilizar o est\u00e1dio Lomanto J\u00fanior para disputar a Copa governador.<\/figcaption><\/figure>\n<p>Com essa finalidade um empres\u00e1rio da cidade j\u00e1 ofereceu como cortesia toda a estrutura para instala\u00e7\u00e3o de cabines para impressa e demais instala\u00e7\u00f5es. Agora \u00e9 aguardada a vistoria e aprova\u00e7\u00e3o da Confedera\u00e7\u00e3o Baiana de Futebol para que o time mongoi\u00f3 dispute a Copa Governador em sua cidade natal.<\/p>\n","protected":false},"excerpt":{"rendered":"<p>O Secret\u00e1rio de Cultura Esporte e Lazer de Vit\u00f3ria da Conquista, Nagib Barroso, disse que a administra\u00e7\u00e3o municipal est\u00e1 empenhada para que o time do Conquista dispute a Copa Governador do Estado no Est\u00e1dio Edvaldo Flores. A declara\u00e7\u00e3o do secret\u00e1rio ocorreu durante uma entrevista ao Conquista Meio Dia, na Brasil FM 107,7, nesta quarta-feira, 22. [&hellip;]<\/p>\n","protected":false},"author":1,"featured_media":38264,"comment_status":"open","ping_status":"closed","sticky":false,"template":"","format":"standard","meta":[],"categories":[5],"tags":[],"_links":{"self":[{"href":"http:\/\/blitzconquista.com.br\/index.php?rest_route=\/wp\/v2\/posts\/38262"}],"collection":[{"href":"http:\/\/blitzconquista.com.br\/index.php?rest_route=\/wp\/v2\/posts"}],"about":[{"href":"http:\/\/blitzconquista.com.br\/index.php?rest_route=\/wp\/v2\/types\/post"}],"author":[{"embeddable":true,"href":"http:\/\/blitzconquista.com.br\/index.php?rest_route=\/wp\/v2\/users\/1"}],"replies":[{"embeddable":true,"href":"http:\/\/blitzconquista.com.br\/index.php?rest_route=%2Fwp%2Fv2%2Fcomments&post=38262"}],"version-history":[{"count":0,"href":"http:\/\/blitzconquista.com.br\/index.php?rest_route=\/wp\/v2\/posts\/38262\/revisions"}],"wp:featuredmedia":[{"embeddable":true,"href":"http:\/\/blitzconquista.com.br\/index.php?rest_route=\/wp\/v2\/media\/38264"}],"wp:attachment":[{"href":"http:\/\/blitzconquista.com.br\/index.php?rest_route=%2Fwp%2Fv2%2Fmedia&parent=38262"}],"wp:term":[{"taxonomy":"category","embeddable":true,"href":"http:\/\/blitzconquista.com.br\/index.php?rest_route=%2Fwp%2Fv2%2Fcategories&post=38262"},{"taxonomy":"post_tag","embeddable":true,"href":"http:\/\/blitzconquista.com.br\/index.php?rest_route=%2Fwp%2Fv2%2Ftags&post=38262"}],"curies":[{"name":"wp","href":"https:\/\/api.w.org\/{rel}","templated":true}]}}