{"id":38295,"date":"2015-07-22T22:56:39","date_gmt":"2015-07-23T01:56:39","guid":{"rendered":"http:\/\/blitzconquista.com.br\/?p=38295"},"modified":"2015-07-22T22:56:39","modified_gmt":"2015-07-23T01:56:39","slug":"bebe-sofre-corte-na-cabeca-ao-ser-atropelado-com-a-mae-por-onibus","status":"publish","type":"post","link":"http:\/\/blitzconquista.com.br\/?p=38295","title":{"rendered":"Beb\u00ea sofre corte na cabe\u00e7a ao ser atropelado com a m\u00e3e por \u00f4nibus"},"content":{"rendered":"<p>Um beb\u00ea de um ano e oito meses foi atropelado com a m\u00e3e, de 30 anos, por um \u00f4nibus do transporte coletivo em Vit\u00f3ria da Conquista, na tarde desta quarta-feira (22).<\/p>\n<p>Segundo informa\u00e7\u00f5es da Secretaria Municipal de Sa\u00fade, a mulher estava com a crian\u00e7a no colo quando os dois foram atingidos pela parte traseira do coletivo, que passava pela rotat\u00f3ria que d\u00e1 acesso ao terminal da Avenida Lauro de Freitas.<\/p>\n<p>Com o impacto, a crian\u00e7a caiu e teve um corte na cabe\u00e7a. J\u00e1 a m\u00e3e sentiu dores nos membros superiores. Conforme a Secretaria de Sa\u00fade, os dois foram socorridos e encaminhados para o Hospital S\u00e3o Vicente de Paula.<\/p>\n<p>N\u00e3o h\u00e1 informa\u00e7\u00f5es sobre o estado de sa\u00fade das v\u00edtimas. *G1 Ba<\/p>\n","protected":false},"excerpt":{"rendered":"<p>Um beb\u00ea de um ano e oito meses foi atropelado com a m\u00e3e, de 30 anos, por um \u00f4nibus do transporte coletivo em Vit\u00f3ria da Conquista, na tarde desta quarta-feira (22). Segundo informa\u00e7\u00f5es da Secretaria Municipal de Sa\u00fade, a mulher estava com a crian\u00e7a no colo quando os dois foram atingidos pela parte traseira do [&hellip;]<\/p>\n","protected":false},"author":1,"featured_media":38296,"comment_status":"open","ping_status":"closed","sticky":false,"template":"","format":"standard","meta":[],"categories":[7],"tags":[],"_links":{"self":[{"href":"http:\/\/blitzconquista.com.br\/index.php?rest_route=\/wp\/v2\/posts\/38295"}],"collection":[{"href":"http:\/\/blitzconquista.com.br\/index.php?rest_route=\/wp\/v2\/posts"}],"about":[{"href":"http:\/\/blitzconquista.com.br\/index.php?rest_route=\/wp\/v2\/types\/post"}],"author":[{"embeddable":true,"href":"http:\/\/blitzconquista.com.br\/index.php?rest_route=\/wp\/v2\/users\/1"}],"replies":[{"embeddable":true,"href":"http:\/\/blitzconquista.com.br\/index.php?rest_route=%2Fwp%2Fv2%2Fcomments&post=38295"}],"version-history":[{"count":0,"href":"http:\/\/blitzconquista.com.br\/index.php?rest_route=\/wp\/v2\/posts\/38295\/revisions"}],"wp:featuredmedia":[{"embeddable":true,"href":"http:\/\/blitzconquista.com.br\/index.php?rest_route=\/wp\/v2\/media\/38296"}],"wp:attachment":[{"href":"http:\/\/blitzconquista.com.br\/index.php?rest_route=%2Fwp%2Fv2%2Fmedia&parent=38295"}],"wp:term":[{"taxonomy":"category","embeddable":true,"href":"http:\/\/blitzconquista.com.br\/index.php?rest_route=%2Fwp%2Fv2%2Fcategories&post=38295"},{"taxonomy":"post_tag","embeddable":true,"href":"http:\/\/blitzconquista.com.br\/index.php?rest_route=%2Fwp%2Fv2%2Ftags&post=38295"}],"curies":[{"name":"wp","href":"https:\/\/api.w.org\/{rel}","templated":true}]}}